{"id":28443,"date":"2020-12-21T16:49:16","date_gmt":"2020-12-21T15:49:16","guid":{"rendered":"https:\/\/arches-papers.com\/?p=28443"},"modified":"2024-02-06T12:53:01","modified_gmt":"2024-02-06T11:53:01","slug":"picasso-et-la-bande-dessinee","status":"publish","type":"post","link":"https:\/\/arches-papers.com\/fr\/picasso-et-la-bande-dessinee\/","title":{"rendered":"Picasso et la bande dessin\u00e9e"},"content":{"rendered":"<div class=\"mp-row-fluid motopress-row mpce-dsbl-margin-left mpce-dsbl-margin-right\">\n<div class=\"motopress-clmn mp-span6  mpce-dsbl-margin-left mpce-dsbl-margin-right\">\n<div class=\"mp-row-fluid motopress-row mpce-dsbl-margin-left mpce-dsbl-margin-right\">\n<div class=\"motopress-clmn mp-span12 mpce-dsbl-margin-left mpce-dsbl-margin-right\">\n<div class=\"motopress-image-obj motopress-text-align-left motopress-margin-bottom-0\"><img decoding=\"async\" src=\"https:\/\/arches-papers.com\/wp-content\/uploads\/2020\/12\/bdwns_c4-picasso-et-la-bande-dessinee-1024x911-1.jpg\" title=\"bdwns_c4-picasso-et-la-bande-dessinee-1024x911\" alt=\"bdwns_c4-picasso-et-la-bande-dessinee-1024x911\" class=\"motopress-image-obj-basic mpce-prvt-28073-5fb52ed50cd91 mpce-dsbl-margin-left mpce-dsbl-margin-right mpce-dsbl-margin-top mpce-dsbl-margin-bottom\" \/><\/div>\n<\/div>\n<\/div>\n<div class=\"mp-row-fluid motopress-row mpce-dsbl-margin-left mpce-dsbl-margin-right\">\n<div class=\"motopress-clmn mp-span12 mpce-dsbl-margin-left mpce-dsbl-margin-right\">\n<div class=\"motopress-text-obj motopress-margin-top-0 motopress-margin-left-15\">\n<p class=\"MsoNormal\" style=\"margin: 0cm 0cm 18.75pt; line-height: 22.5pt; font-size: 11pt; font-family: Calibri, sans-serif; caret-color: #000000; color: #000000; vertical-align: baseline;\"><span style=\"font-size: 12px;\"><i><span style=\"font-family: Arial, sans-serif; color: #2b2b2b;\">Affiche de l\u2019exposition.<\/span><\/i><\/span><b><\/b><\/p>\n<\/div>\n<\/div>\n<\/div>\n<\/div>\n<div class=\"motopress-clmn mp-span6  mpce-dsbl-margin-left mpce-dsbl-margin-right\">\n<div class=\"mp-row-fluid motopress-row mpce-dsbl-margin-left mpce-dsbl-margin-right\">\n<div class=\"motopress-clmn mp-span12 mpce-dsbl-margin-left mpce-dsbl-margin-right\">\n<div class=\"motopress-code-obj\">\n<p><strong>Picasso et la bande dessin\u00e9e<\/strong> \u00e9tait le th\u00e8me de l\u2019une des deux expositions du Mus\u00e9e Picasso de Paris \u00e0 ne pas manquer fin 2020. La seconde intitul\u00e9e Picasso Po\u00e8te devait avoir lieu simultan\u00e9ment. Elles avaient pour th\u00e8me commun le rapport texte et image dans l\u2019\u0153uvre de Pablo Picasso. Malheureusement, les directives gouvernementales dues \u00e0 la pand\u00e9mie de Covid-19 en France n\u2019ont pas permis aux Mus\u00e9es d\u2019ouvrir leurs portes \u00e0 cette p\u00e9riode. Nous avons donc d\u00e9cid\u00e9 d\u2019\u00e9voquer le sujet ici.<\/p>\n<\/div>\n<\/div>\n<\/div>\n<\/div>\n<\/div>\n<div class=\"mp-row-fluid motopress-row mpce-dsbl-margin-left mpce-dsbl-margin-right\">\n<div class=\"motopress-clmn mp-span12  mpce-dsbl-margin-left mpce-dsbl-margin-right\">\n<div class=\"mp-row-fluid motopress-row mpce-dsbl-margin-left mpce-dsbl-margin-right\">\n<div class=\"motopress-clmn mp-span12 mpce-dsbl-margin-left mpce-dsbl-margin-right\">\n<div class=\"motopress-code-obj\">\n<p>Picasso puisait son inspiration partout\u00a0: art africain, mythologie grecque, arts du cirque\u2026 Peu de personnes savent que le ma\u00eetre espagnol \u00e9tait passionn\u00e9 par la bande dessin\u00e9e et les comics am\u00e9ricains depuis son plus jeune \u00e2ge. Ils ont jou\u00e9 un r\u00f4le important dans son \u0153uvre, notamment sa recherche de simplification du trait et de la forme. C\u2019est la po\u00e9tesse et collectionneuse Gertrude Stein qui a initi\u00e9 Picasso au meilleur de la bande dessin\u00e9e am\u00e9ricaine comme Pim Pam Poum\u00a0de Rudolph Dirks ou Little\u00a0Jimmy. Pour lui, aimer la bande dessin\u00e9e renforce l\u2019id\u00e9e que tous les arts sont \u00e9gaux. L\u2019artiste s\u2019y est lui-m\u00eame essay\u00e9. Une de ses \u0153uvres majeures, les\u00a0Contes et mensonges de Franco\u00a0(1937), est une suite grav\u00e9e dont les dessins sont r\u00e9alis\u00e9s dans des cases comme sur une planche de BD.<\/p>\n<\/div>\n<\/div>\n<\/div>\n<div class=\"mp-row-fluid motopress-row mpce-dsbl-margin-left mpce-dsbl-margin-right\">\n<div class=\"motopress-clmn mp-span12 mpce-dsbl-margin-left mpce-dsbl-margin-right\">\n<div class=\"motopress-image-obj motopress-text-align-center\"><img decoding=\"async\" src=\"https:\/\/arches-papers.com\/wp-content\/uploads\/2020\/12\/2960_Picasso-BD_2_popup.jpg\" title=\"2960_Picasso-BD_2_popup\" alt=\"exposition picasso poete\" class=\"motopress-image-obj-basic mpce-dsbl-margin-left mpce-dsbl-margin-right mpce-dsbl-margin-top mpce-dsbl-margin-bottom\" \/><\/div>\n<\/div>\n<\/div>\n<div class=\"mp-row-fluid motopress-row mpce-dsbl-margin-left mpce-dsbl-margin-right\">\n<div class=\"motopress-clmn mp-span12 mpce-dsbl-margin-left mpce-dsbl-margin-right\">\n<div class=\"motopress-text-obj motopress-margin-top-20\">\n<p class=\"MsoNormal\" style=\"margin: 0cm 0cm 0.0001pt; line-height: normal; font-size: 11pt; font-family: Calibri, sans-serif; caret-color: #000000; color: #000000; vertical-align: baseline; text-align: center;\"><i><span style=\"font-size: 10.5pt; font-family: Arial, sans-serif; color: #2b2b2b;\"><span style=\"font-size: 12px;\">Pablo Picasso,\u00a0Sue\u00f1o y mentira de Franco (planche I), 8 janvier 1937, Paris (origine), Eau-forte, taille douce \u2013 Mus\u00e9e national Picasso-Paris, Photo \u00a9 RMN-Grand Palais (Mus\u00e9e national Picasso- Paris) \/ Adrien Didierjean, \u00a9 Succession Picasso 2020<\/span><\/span><\/i><\/p>\n<\/div>\n<\/div>\n<\/div>\n<div class=\"mp-row-fluid motopress-row mpce-dsbl-margin-left mpce-dsbl-margin-right\">\n<div class=\"motopress-clmn mp-span12 mpce-dsbl-margin-left mpce-dsbl-margin-right\">\n<div class=\"motopress-code-obj motopress-margin-top-20\">\n<p>Voici quelques exemples qui montrent le go\u00fbt de\u00a0l\u2019illustration\u00a0et de la caricature de ce g\u00e9nial cr\u00e9ateur\u00a0:<\/p>\n<\/div>\n<\/div>\n<\/div>\n<div class=\"mp-row-fluid motopress-row mpce-dsbl-margin-left mpce-dsbl-margin-right\">\n<div class=\"motopress-clmn mp-span12 mpce-dsbl-margin-left mpce-dsbl-margin-right\">\n<div class=\"motopress-image-obj motopress-text-align-left\"><img decoding=\"async\" src=\"https:\/\/arches-papers.com\/wp-content\/uploads\/2020\/12\/20-500855-v2-1-1024x810.jpg\" title=\"20-500855---v2 (1)\" alt=\"exposition Picasso poete\" class=\"motopress-image-obj-basic mpce-dsbl-margin-left mpce-dsbl-margin-right mpce-dsbl-margin-top mpce-dsbl-margin-bottom\" \/><\/div>\n<\/div>\n<\/div>\n<\/div>\n<\/div>\n<div class=\"mp-row-fluid motopress-row mpce-dsbl-margin-left mpce-dsbl-margin-right\">\n<div class=\"motopress-clmn mp-span12  mpce-dsbl-margin-left mpce-dsbl-margin-right\">\n<div class=\"motopress-text-obj motopress-margin-top-20\">\n<div style=\"caret-color: #000000; color: #000000; border-style: none none solid; border-bottom-width: 1pt; border-bottom-color: #e5e5e5; padding: 0cm 0cm 8pt;\">\n<p class=\"MsoNormal\" style=\"margin: 0cm 0cm 8pt; line-height: normal; font-size: 11pt; font-family: Calibri, sans-serif; border: none; padding: 0cm; text-align: center;\"><i><span style=\"font-size: 10.5pt; font-family: Arial, sans-serif; color: #2b2b2b;\"><span style=\"font-size: 12px;\">Pablo Picasso, \u00ab\u00a0Portrait-charge de Jaime Sabart\u00e8s\u00a0\u00bb \u2013 27 juin 1959, encre de Chine appliqu\u00e9e au pinceau et feutres rouge et noir sur papier d\u2019\u00e9criture v\u00e9lin fin, avec transfert visible du dessin ex\u00e9cut\u00e9 au verso. 21 x 27 cm. \u2013 Mus\u00e9e national Picasso-Paris, Photo \u00a9 RMN-Grand Palais (Mus\u00e9e national Picasso-Paris) \/ Mathieu Rabeau, \u00a9 Succession Picasso 2020<\/span><\/span><\/i><\/p>\n<\/div>\n<\/div>\n<\/div>\n<\/div>\n<div class=\"mp-row-fluid motopress-row mpce-dsbl-margin-left mpce-dsbl-margin-right\">\n<div class=\"motopress-clmn mp-span12  mpce-dsbl-margin-left mpce-dsbl-margin-right\">\n<div class=\"mp-row-fluid motopress-row mpce-dsbl-margin-left mpce-dsbl-margin-right\">\n<div class=\"motopress-clmn mp-span12 mpce-dsbl-margin-left mpce-dsbl-margin-right\">\n<div class=\"motopress-image-obj motopress-text-align-left\"><img decoding=\"async\" src=\"https:\/\/arches-papers.com\/wp-content\/uploads\/2020\/12\/15-569524-v2.jpg\" title=\"15-569524---v2\" alt=\"exposition Picasso poete\" class=\"motopress-image-obj-basic mpce-dsbl-margin-left mpce-dsbl-margin-right mpce-dsbl-margin-top mpce-dsbl-margin-bottom\" \/><\/div>\n<\/div>\n<\/div>\n<div class=\"mp-row-fluid motopress-row mpce-dsbl-margin-left mpce-dsbl-margin-right\">\n<div class=\"motopress-clmn mp-span12 mpce-dsbl-margin-left mpce-dsbl-margin-right\">\n<div class=\"motopress-text-obj motopress-margin-top-20\">\n<p class=\"MsoNormal\" style=\"margin: 0cm 0cm 0.0001pt; line-height: normal; font-size: 11pt; font-family: Calibri, sans-serif; caret-color: #000000; color: #000000; vertical-align: baseline; text-align: center;\"><i><span style=\"font-size: 10.5pt; font-family: Arial, sans-serif; color: #2b2b2b;\"><span style=\"font-size: 12px;\">Pablo Picasso,\u00a0Histoire claire et simple de Max Jacob\u00a0\u2013 13 janvier 1903, dessin \u00e0 la plume, encre brune, v\u00e9lin (papier), Paris (origine), Mus\u00e9e national Picasso-Paris, Photo \u00a9 RMN-Grand Palais (Mus\u00e9e national Picasso-Paris) \/ Mathieu Rabeau, \u00a9 Succession Picasso 2020<\/span><\/span><\/i><\/p>\n<\/div>\n<\/div>\n<\/div>\n<div class=\"mp-row-fluid motopress-row mpce-dsbl-margin-left mpce-dsbl-margin-right\">\n<div class=\"motopress-clmn mp-span12 mpce-dsbl-margin-left mpce-dsbl-margin-right\">\n<div class=\"motopress-code-obj motopress-margin-top-25\">\n<p>L\u2019\u0153uvre de Picasso repr\u00e9sente l\u2019art moderne dans l\u2019imaginaire populaire. Il est donc bien naturel que certains auteurs et dessinateurs tels que Herg\u00e9,\u00a0Gotlib, Geluck, Manara ou Spiegelman rendent hommage au ma\u00eetre et \u00e0 ses \u0153uvres dans leurs propres planches.<\/p>\n<\/div>\n<\/div>\n<\/div>\n<\/div>\n<\/div>\n<div class=\"mp-row-fluid motopress-row mpce-dsbl-margin-left mpce-dsbl-margin-right\">\n<div class=\"motopress-clmn mp-span12  mpce-dsbl-margin-left mpce-dsbl-margin-right\">\n<div class=\"mp-row-fluid motopress-row mpce-dsbl-margin-left mpce-dsbl-margin-right\">\n<div class=\"motopress-clmn mp-span12 mpce-dsbl-margin-left mpce-dsbl-margin-right\">\n<div class=\"motopress-image-obj motopress-text-align-left\"><img decoding=\"async\" src=\"https:\/\/arches-papers.com\/wp-content\/uploads\/2020\/12\/visuel-geluck-v2-1024x866.jpg\" title=\"visuel-geluck---v2\" alt=\"Picasso par Geluck\" class=\"motopress-image-obj-basic mpce-dsbl-margin-left mpce-dsbl-margin-right mpce-dsbl-margin-top mpce-dsbl-margin-bottom\" \/><\/div>\n<\/div>\n<\/div>\n<div class=\"mp-row-fluid motopress-row mpce-dsbl-margin-left mpce-dsbl-margin-right\">\n<div class=\"motopress-clmn mp-span12 mpce-dsbl-margin-left mpce-dsbl-margin-right\">\n<div class=\"motopress-text-obj motopress-margin-top-0 motopress-margin-bottom-25\">\n<p class=\"MsoNormal\" style=\"margin: 0cm 0cm 0.0001pt; line-height: normal; font-size: 11pt; font-family: Calibri, sans-serif; caret-color: #000000; color: #000000; vertical-align: baseline; text-align: center;\"><i><span style=\"font-size: 10.5pt; font-family: Arial, sans-serif; color: #2b2b2b;\"><span style=\"font-size: 12px;\">Philippe Geluck, \u00ab\u00a0Picasso se rendant compte qu\u2019il est le seul peintre au monde \u00e0 ne pas pouvoir faire un faux Picasso\u00a0\u00bb \u00a9 Philippe Geluck<\/span><\/span><\/i><\/p>\n<\/div>\n<\/div>\n<\/div>\n<div class=\"mp-row-fluid motopress-row mpce-dsbl-margin-left mpce-dsbl-margin-right\">\n<div class=\"motopress-clmn mp-span12 mpce-dsbl-margin-left mpce-dsbl-margin-right\">\n<div class=\"motopress-image-obj motopress-text-align-center\"><img decoding=\"async\" src=\"https:\/\/arches-papers.com\/wp-content\/uploads\/2020\/12\/picasso-et-la-bande-dessinee-2.png\" title=\"picasso-et-la-bande-dessinee-2\" alt=\"Picasso et la bande dessin\u00e9e\" class=\"motopress-image-obj-basic mpce-dsbl-margin-left mpce-dsbl-margin-right mpce-dsbl-margin-top mpce-dsbl-margin-bottom\" \/><\/div>\n<\/div>\n<\/div>\n<div class=\"mp-row-fluid motopress-row mpce-dsbl-margin-left mpce-dsbl-margin-right\">\n<div class=\"motopress-clmn mp-span12 mpce-dsbl-margin-left mpce-dsbl-margin-right\">\n<div class=\"motopress-text-obj\">\n<p class=\"MsoNormal\" style=\"margin: 0cm 0cm 8pt; line-height: 15.693333625793457px; font-size: 11pt; font-family: Calibri, sans-serif; caret-color: #000000; color: #000000; text-align: center;\"><span style=\"font-family: Arial, sans-serif;\"><span style=\"font-size: 12px;\"><em>Le magazine Le Point a r\u00e9cemment publi\u00e9 un hors-s\u00e9rie de 100 pages sur le sujet.<\/em><\/span><\/span><\/p>\n<\/div>\n<\/div>\n<\/div>\n<div class=\"mp-row-fluid motopress-row mpce-dsbl-margin-left mpce-dsbl-margin-right\">\n<div class=\"motopress-clmn mp-span12 mpce-dsbl-margin-left mpce-dsbl-margin-right\">\n<div class=\"motopress-code-obj motopress-margin-top-50\">\n<p>Un dossier p\u00e9dagogique de l\u2019exposition peut \u00eatre t\u00e9l\u00e9charg\u00e9 ici\u00a0:<\/p>\n<p><a href=\"https:\/\/www.museepicassoparis.fr\/fr\/picasso-et-la-bande-dessinee\">Picasso et la bande dessin\u00e9e | Mus\u00e9e Picasso Paris (museepicassoparis.fr)<\/a><\/p>\n<\/div>\n<\/div>\n<\/div>\n<div class=\"mp-row-fluid motopress-row mpce-dsbl-margin-left mpce-dsbl-margin-right\">\n<div class=\"motopress-clmn mp-span12 mpce-dsbl-margin-left mpce-dsbl-margin-right\">\n<div class=\"motopress-code-obj\">\n<p><strong>Picasso et la po\u00e9sie<\/strong><\/p>\n<p>La po\u00e9sie est \u00e9galement un aspect m\u00e9connu de l&#8217;\u0153uvre de Pablo Picasso. L\u2019artiste disait lui-m\u00eame \u00eatre\u00a0<em>\u00ab\u00a0un po\u00e8te qui a mal tourn\u00e9\u00a0\u00bb<\/em>. Il \u00e9tait d\u2019ailleurs l\u2019ami de nombreux po\u00e8tes et \u00e9crivains comme Max Jacob, Guillaume Apollinaire,\u00a0Paul \u00c9luard\u00a0et Michel Leiris. Entre 1935 \u00e0 1959 Picasso a \u00e9crit plus de trois cents po\u00e8mes en fran\u00e7ais et en espagnol. Certains sont accompagn\u00e9s d\u2019illustrations, d\u2019autres sont r\u00e9dig\u00e9s aux crayons de couleur.<\/p>\n<\/div>\n<\/div>\n<\/div>\n<div class=\"mp-row-fluid motopress-row mpce-dsbl-margin-left mpce-dsbl-margin-right\">\n<div class=\"motopress-clmn mp-span12 mpce-dsbl-margin-left mpce-dsbl-margin-right\">\n<div class=\"motopress-image-obj motopress-text-align-center\"><img decoding=\"async\" src=\"https:\/\/arches-papers.com\/wp-content\/uploads\/2020\/12\/OIP.jpg\" title=\"OIP\" alt=\"exposition Picasso poete\" class=\"motopress-image-obj-basic mpce-dsbl-margin-left mpce-dsbl-margin-right mpce-dsbl-margin-top mpce-dsbl-margin-bottom\" \/><\/div>\n<\/div>\n<\/div>\n<div class=\"mp-row-fluid motopress-row mpce-dsbl-margin-left mpce-dsbl-margin-right\">\n<div class=\"motopress-clmn mp-span12 mpce-dsbl-margin-left mpce-dsbl-margin-right\">\n<div class=\"motopress-text-obj motopress-margin-top-25\">\n<p class=\"MsoNormal\" style=\"margin: 0cm 0cm 0.0001pt; line-height: normal; font-size: 11pt; font-family: Calibri, sans-serif; caret-color: #000000; color: #000000; vertical-align: baseline; text-align: center;\"><i><span style=\"font-size: 10.5pt; font-family: Arial, sans-serif; color: #2b2b2b;\"><span style=\"font-size: 12px;\">Pablo Picasso,\u00a0Etudes : T\u00eate de femme et po\u00e8mes en fran\u00e7ais, 9 et 11 octobre 1936 \u2013 dessin \u00e0 la plume, encre de Chine, lavis, v\u00e9lin (papier), Le Tremblay-sur-Mauldre (origine) \u2013 Mus\u00e9e national Picasso-Paris, Photo \u00a9 RMN-Grand Palais (Mus\u00e9e national Picasso-Paris) \/ Mathieu Rabeau, \u00a9 Succession Picasso 2020<\/span><\/span><\/i><\/p>\n<\/div>\n<\/div>\n<\/div>\n<div class=\"mp-row-fluid motopress-row mpce-dsbl-margin-left mpce-dsbl-margin-right\">\n<div class=\"motopress-clmn mp-span12 mpce-dsbl-margin-left mpce-dsbl-margin-right\">\n<div class=\"motopress-code-obj\">\n<h3 style=\"text-align: center;\"><em><strong>\u00ab L\u2019\u00e9criture se regarde comme une calligraphie et le dessin d\u00e9crit, l\u2019un compl\u00e9tant l\u2019autre. Les feuilles de papier ARCHES\u00ae pli\u00e9es en deux pr\u00e9sent\u00e9es ici montrent le lien indissociable entre dessin et \u00e9criture dans son processus cr\u00e9atif. \u00bb<\/strong><\/em><\/h3>\n<p style=\"text-align: center;\"><em>\u00a9 toutelaculture.com<\/em><\/p>\n<\/div>\n<\/div>\n<\/div>\n<div class=\"mp-row-fluid motopress-row mpce-dsbl-margin-left mpce-dsbl-margin-right\">\n<div class=\"motopress-clmn mp-span12 mpce-dsbl-margin-left mpce-dsbl-margin-right\">\n<div class=\"motopress-image-obj motopress-text-align-center\"><img decoding=\"async\" src=\"https:\/\/arches-papers.com\/wp-content\/uploads\/2020\/12\/exposition-picasso-poete.jpg\" title=\"exposition-picasso-poete\" alt=\"exposition picasso poete\" class=\"motopress-image-obj-basic mpce-dsbl-margin-left mpce-dsbl-margin-right mpce-dsbl-margin-top mpce-dsbl-margin-bottom\" \/><\/div>\n<\/div>\n<\/div>\n<div class=\"mp-row-fluid motopress-row mpce-dsbl-margin-left mpce-dsbl-margin-right\">\n<div class=\"motopress-clmn mp-span12 mpce-dsbl-margin-left mpce-dsbl-margin-right\">\n<div class=\"motopress-text-obj motopress-margin-top-25 motopress-margin-bottom-50\">\n<p class=\"MsoNormal\" style=\"margin: 0cm 0cm 0.0001pt; line-height: normal; font-size: 11pt; font-family: Calibri, sans-serif; caret-color: #000000; color: #000000; text-align: center;\"><i><span style=\"font-size: 10.5pt; font-family: Arial, sans-serif; color: #2b2b2b;\"><span style=\"font-size: 12px;\">Pablo Picasso,\u00a0Il neige au soleil, 10 janvier 1934. Dessin \u00e0 la plume, encre de Chine, verg\u00e9\u00a0Paris (origine),\u00a0Mus\u00e9e national Picasso-Paris,\u00a0Photo (C) RMN-Grand Palais (Mus\u00e9e\u00a0national Picasso-Paris) \/ Daniel Arnaudet,\u00a0\u00a9 Succession Picasso 2020<\/span><\/span><\/i><\/p>\n<\/div>\n<\/div>\n<\/div>\n<\/div>\n<\/div>\n","protected":false},"excerpt":{"rendered":"Picasso et la bande dessin\u00e9e \u00e9tait le th\u00e8me de l\u2019une des deux expositions du Mus\u00e9e Picasso de Paris \u00e0 ne pas manquer fin 2020. La seconde intitul\u00e9e Picasso Po\u00e8te devait avoir lieu simultan\u00e9ment. Elles avaient pour th\u00e8me commun le rapport texte et image dans l\u2019\u0153uvre de Pablo Picasso. Malheureusement, les directives gouvernementales dues \u00e0 la pand\u00e9mie de Covid-19 en France n\u2019ont pas permis aux Mus\u00e9es d\u2019ouvrir leurs portes \u00e0 cette p\u00e9riode. Nous avons donc d\u00e9cid\u00e9 d\u2019\u00e9voquer le sujet ici.","protected":false},"author":17,"featured_media":28447,"comment_status":"closed","ping_status":"closed","sticky":false,"template":"","format":"standard","meta":{"footnotes":""},"categories":[4],"tags":[214,425,411,451,408,200,409,452,410],"class_list":["post-28443","post","type-post","status-publish","format-standard","has-post-thumbnail","hentry","category-a-la-une","tag-arches","tag-arches-paper-fr-2","tag-art-fr","tag-art-fr-2","tag-bande-dessinee","tag-dessin","tag-papier-arches","tag-picasso-fr-2","tag-picasso-fr"],"yoast_head":"<!-- This site is optimized with the Yoast SEO plugin v27.1.1 - https:\/\/yoast.com\/product\/yoast-seo-wordpress\/ -->\n<title>Picasso et la bande dessin\u00e9e au Mus\u00e9e Picasso de Paris<\/title>\n<meta name=\"description\" content=\"Picasso et la bande dessin\u00e9e et Picasso Po\u00e8te, 2 expositions du Mus\u00e9e Picasso de Paris. Th\u00e8me commun : rapport texte et image dans l\u2019\u0153uvre de Pablo Picasso.\" \/>\n<meta name=\"robots\" content=\"index, follow, max-snippet:-1, max-image-preview:large, max-video-preview:-1\" \/>\n<link rel=\"canonical\" href=\"https:\/\/arches-papers.com\/fr\/picasso-et-la-bande-dessinee\/\" \/>\n<meta property=\"og:locale\" content=\"fr_FR\" \/>\n<meta property=\"og:type\" content=\"article\" \/>\n<meta property=\"og:title\" content=\"Picasso et la bande dessin\u00e9e au Mus\u00e9e Picasso de Paris\" \/>\n<meta property=\"og:description\" content=\"Picasso et la bande dessin\u00e9e et Picasso Po\u00e8te, 2 expositions du Mus\u00e9e Picasso de Paris. Th\u00e8me commun : rapport texte et image dans l\u2019\u0153uvre de Pablo Picasso.\" \/>\n<meta property=\"og:url\" content=\"https:\/\/arches-papers.com\/fr\/picasso-et-la-bande-dessinee\/\" \/>\n<meta property=\"og:site_name\" content=\"Arches Papers\" \/>\n<meta property=\"article:published_time\" content=\"2020-12-21T15:49:16+00:00\" \/>\n<meta property=\"article:modified_time\" content=\"2024-02-06T11:53:01+00:00\" \/>\n<meta property=\"og:image\" content=\"https:\/\/arches-papers.com\/wp-content\/uploads\/2020\/12\/15-569524-v2.jpg\" \/>\n\t<meta property=\"og:image:width\" content=\"2328\" \/>\n\t<meta property=\"og:image:height\" content=\"1613\" \/>\n\t<meta property=\"og:image:type\" content=\"image\/jpeg\" \/>\n<meta name=\"author\" content=\"Eliane\" \/>\n<meta name=\"twitter:card\" content=\"summary_large_image\" \/>\n<meta name=\"twitter:label1\" content=\"\u00c9crit par\" \/>\n\t<meta name=\"twitter:data1\" content=\"Eliane\" \/>\n\t<meta name=\"twitter:label2\" content=\"Dur\u00e9e de lecture estim\u00e9e\" \/>\n\t<meta name=\"twitter:data2\" content=\"3 minutes\" \/>\n<script type=\"application\/ld+json\" class=\"yoast-schema-graph\">{\"@context\":\"https:\/\/schema.org\",\"@graph\":[{\"@type\":\"Article\",\"@id\":\"https:\/\/arches-papers.com\/fr\/picasso-et-la-bande-dessinee\/#article\",\"isPartOf\":{\"@id\":\"https:\/\/arches-papers.com\/fr\/picasso-et-la-bande-dessinee\/\"},\"author\":{\"name\":\"Eliane\",\"@id\":\"https:\/\/arches-papers.com\/fr\/#\/schema\/person\/a7d908ec620cb78aac5020e0c7868bb6\"},\"headline\":\"Picasso et la bande dessin\u00e9e\",\"datePublished\":\"2020-12-21T15:49:16+00:00\",\"dateModified\":\"2024-02-06T11:53:01+00:00\",\"mainEntityOfPage\":{\"@id\":\"https:\/\/arches-papers.com\/fr\/picasso-et-la-bande-dessinee\/\"},\"wordCount\":705,\"image\":{\"@id\":\"https:\/\/arches-papers.com\/fr\/picasso-et-la-bande-dessinee\/#primaryimage\"},\"thumbnailUrl\":\"https:\/\/arches-papers.com\/wp-content\/uploads\/2020\/12\/15-569524-v2.jpg\",\"keywords\":[\"Arches\",\"ARCHES paper\",\"art\",\"art\",\"bande dessin\u00e9e\",\"Dessin\",\"papier arches\",\"Picasso\",\"Picasso\"],\"articleSection\":[\"a la une\"],\"inLanguage\":\"fr-FR\"},{\"@type\":\"WebPage\",\"@id\":\"https:\/\/arches-papers.com\/fr\/picasso-et-la-bande-dessinee\/\",\"url\":\"https:\/\/arches-papers.com\/fr\/picasso-et-la-bande-dessinee\/\",\"name\":\"Picasso et la bande dessin\u00e9e au Mus\u00e9e Picasso de Paris\",\"isPartOf\":{\"@id\":\"https:\/\/arches-papers.com\/fr\/#website\"},\"primaryImageOfPage\":{\"@id\":\"https:\/\/arches-papers.com\/fr\/picasso-et-la-bande-dessinee\/#primaryimage\"},\"image\":{\"@id\":\"https:\/\/arches-papers.com\/fr\/picasso-et-la-bande-dessinee\/#primaryimage\"},\"thumbnailUrl\":\"https:\/\/arches-papers.com\/wp-content\/uploads\/2020\/12\/15-569524-v2.jpg\",\"datePublished\":\"2020-12-21T15:49:16+00:00\",\"dateModified\":\"2024-02-06T11:53:01+00:00\",\"author\":{\"@id\":\"https:\/\/arches-papers.com\/fr\/#\/schema\/person\/a7d908ec620cb78aac5020e0c7868bb6\"},\"description\":\"Picasso et la bande dessin\u00e9e et Picasso Po\u00e8te, 2 expositions du Mus\u00e9e Picasso de Paris. Th\u00e8me commun : rapport texte et image dans l\u2019\u0153uvre de Pablo Picasso.\",\"breadcrumb\":{\"@id\":\"https:\/\/arches-papers.com\/fr\/picasso-et-la-bande-dessinee\/#breadcrumb\"},\"inLanguage\":\"fr-FR\",\"potentialAction\":[{\"@type\":\"ReadAction\",\"target\":[\"https:\/\/arches-papers.com\/fr\/picasso-et-la-bande-dessinee\/\"]}]},{\"@type\":\"ImageObject\",\"inLanguage\":\"fr-FR\",\"@id\":\"https:\/\/arches-papers.com\/fr\/picasso-et-la-bande-dessinee\/#primaryimage\",\"url\":\"https:\/\/arches-papers.com\/wp-content\/uploads\/2020\/12\/15-569524-v2.jpg\",\"contentUrl\":\"https:\/\/arches-papers.com\/wp-content\/uploads\/2020\/12\/15-569524-v2.jpg\",\"width\":2328,\"height\":1613,\"caption\":\"exposition Picasso poete\"},{\"@type\":\"BreadcrumbList\",\"@id\":\"https:\/\/arches-papers.com\/fr\/picasso-et-la-bande-dessinee\/#breadcrumb\",\"itemListElement\":[{\"@type\":\"ListItem\",\"position\":1,\"name\":\"Accueil\",\"item\":\"https:\/\/arches-papers.com\/fr\/\"},{\"@type\":\"ListItem\",\"position\":2,\"name\":\"Picasso et la bande dessin\u00e9e\"}]},{\"@type\":\"WebSite\",\"@id\":\"https:\/\/arches-papers.com\/fr\/#website\",\"url\":\"https:\/\/arches-papers.com\/fr\/\",\"name\":\"Arches Papers\",\"description\":\"Fabricant de papier\",\"potentialAction\":[{\"@type\":\"SearchAction\",\"target\":{\"@type\":\"EntryPoint\",\"urlTemplate\":\"https:\/\/arches-papers.com\/fr\/?s={search_term_string}\"},\"query-input\":{\"@type\":\"PropertyValueSpecification\",\"valueRequired\":true,\"valueName\":\"search_term_string\"}}],\"inLanguage\":\"fr-FR\"},{\"@type\":\"Person\",\"@id\":\"https:\/\/arches-papers.com\/fr\/#\/schema\/person\/a7d908ec620cb78aac5020e0c7868bb6\",\"name\":\"Eliane\",\"image\":{\"@type\":\"ImageObject\",\"inLanguage\":\"fr-FR\",\"@id\":\"https:\/\/arches-papers.com\/fr\/#\/schema\/person\/image\/\",\"url\":\"https:\/\/secure.gravatar.com\/avatar\/32332ae486056bf40e0ee1b810d0d16a31919fc2e459e2ddfa9fcfc91ffad518?s=96&d=mm&r=g\",\"contentUrl\":\"https:\/\/secure.gravatar.com\/avatar\/32332ae486056bf40e0ee1b810d0d16a31919fc2e459e2ddfa9fcfc91ffad518?s=96&d=mm&r=g\",\"caption\":\"Eliane\"},\"url\":\"https:\/\/arches-papers.com\/fr\/author\/eliane\/\"}]}<\/script>\n<!-- \/ Yoast SEO plugin. -->","yoast_head_json":{"title":"Picasso et la bande dessin\u00e9e au Mus\u00e9e Picasso de Paris","description":"Picasso et la bande dessin\u00e9e et Picasso Po\u00e8te, 2 expositions du Mus\u00e9e Picasso de Paris. Th\u00e8me commun : rapport texte et image dans l\u2019\u0153uvre de Pablo Picasso.","robots":{"index":"index","follow":"follow","max-snippet":"max-snippet:-1","max-image-preview":"max-image-preview:large","max-video-preview":"max-video-preview:-1"},"canonical":"https:\/\/arches-papers.com\/fr\/picasso-et-la-bande-dessinee\/","og_locale":"fr_FR","og_type":"article","og_title":"Picasso et la bande dessin\u00e9e au Mus\u00e9e Picasso de Paris","og_description":"Picasso et la bande dessin\u00e9e et Picasso Po\u00e8te, 2 expositions du Mus\u00e9e Picasso de Paris. Th\u00e8me commun : rapport texte et image dans l\u2019\u0153uvre de Pablo Picasso.","og_url":"https:\/\/arches-papers.com\/fr\/picasso-et-la-bande-dessinee\/","og_site_name":"Arches Papers","article_published_time":"2020-12-21T15:49:16+00:00","article_modified_time":"2024-02-06T11:53:01+00:00","og_image":[{"width":2328,"height":1613,"url":"https:\/\/arches-papers.com\/wp-content\/uploads\/2020\/12\/15-569524-v2.jpg","type":"image\/jpeg"}],"author":"Eliane","twitter_card":"summary_large_image","twitter_misc":{"\u00c9crit par":"Eliane","Dur\u00e9e de lecture estim\u00e9e":"3 minutes"},"schema":{"@context":"https:\/\/schema.org","@graph":[{"@type":"Article","@id":"https:\/\/arches-papers.com\/fr\/picasso-et-la-bande-dessinee\/#article","isPartOf":{"@id":"https:\/\/arches-papers.com\/fr\/picasso-et-la-bande-dessinee\/"},"author":{"name":"Eliane","@id":"https:\/\/arches-papers.com\/fr\/#\/schema\/person\/a7d908ec620cb78aac5020e0c7868bb6"},"headline":"Picasso et la bande dessin\u00e9e","datePublished":"2020-12-21T15:49:16+00:00","dateModified":"2024-02-06T11:53:01+00:00","mainEntityOfPage":{"@id":"https:\/\/arches-papers.com\/fr\/picasso-et-la-bande-dessinee\/"},"wordCount":705,"image":{"@id":"https:\/\/arches-papers.com\/fr\/picasso-et-la-bande-dessinee\/#primaryimage"},"thumbnailUrl":"https:\/\/arches-papers.com\/wp-content\/uploads\/2020\/12\/15-569524-v2.jpg","keywords":["Arches","ARCHES paper","art","art","bande dessin\u00e9e","Dessin","papier arches","Picasso","Picasso"],"articleSection":["a la une"],"inLanguage":"fr-FR"},{"@type":"WebPage","@id":"https:\/\/arches-papers.com\/fr\/picasso-et-la-bande-dessinee\/","url":"https:\/\/arches-papers.com\/fr\/picasso-et-la-bande-dessinee\/","name":"Picasso et la bande dessin\u00e9e au Mus\u00e9e Picasso de Paris","isPartOf":{"@id":"https:\/\/arches-papers.com\/fr\/#website"},"primaryImageOfPage":{"@id":"https:\/\/arches-papers.com\/fr\/picasso-et-la-bande-dessinee\/#primaryimage"},"image":{"@id":"https:\/\/arches-papers.com\/fr\/picasso-et-la-bande-dessinee\/#primaryimage"},"thumbnailUrl":"https:\/\/arches-papers.com\/wp-content\/uploads\/2020\/12\/15-569524-v2.jpg","datePublished":"2020-12-21T15:49:16+00:00","dateModified":"2024-02-06T11:53:01+00:00","author":{"@id":"https:\/\/arches-papers.com\/fr\/#\/schema\/person\/a7d908ec620cb78aac5020e0c7868bb6"},"description":"Picasso et la bande dessin\u00e9e et Picasso Po\u00e8te, 2 expositions du Mus\u00e9e Picasso de Paris. Th\u00e8me commun : rapport texte et image dans l\u2019\u0153uvre de Pablo Picasso.","breadcrumb":{"@id":"https:\/\/arches-papers.com\/fr\/picasso-et-la-bande-dessinee\/#breadcrumb"},"inLanguage":"fr-FR","potentialAction":[{"@type":"ReadAction","target":["https:\/\/arches-papers.com\/fr\/picasso-et-la-bande-dessinee\/"]}]},{"@type":"ImageObject","inLanguage":"fr-FR","@id":"https:\/\/arches-papers.com\/fr\/picasso-et-la-bande-dessinee\/#primaryimage","url":"https:\/\/arches-papers.com\/wp-content\/uploads\/2020\/12\/15-569524-v2.jpg","contentUrl":"https:\/\/arches-papers.com\/wp-content\/uploads\/2020\/12\/15-569524-v2.jpg","width":2328,"height":1613,"caption":"exposition Picasso poete"},{"@type":"BreadcrumbList","@id":"https:\/\/arches-papers.com\/fr\/picasso-et-la-bande-dessinee\/#breadcrumb","itemListElement":[{"@type":"ListItem","position":1,"name":"Accueil","item":"https:\/\/arches-papers.com\/fr\/"},{"@type":"ListItem","position":2,"name":"Picasso et la bande dessin\u00e9e"}]},{"@type":"WebSite","@id":"https:\/\/arches-papers.com\/fr\/#website","url":"https:\/\/arches-papers.com\/fr\/","name":"Arches Papers","description":"Fabricant de papier","potentialAction":[{"@type":"SearchAction","target":{"@type":"EntryPoint","urlTemplate":"https:\/\/arches-papers.com\/fr\/?s={search_term_string}"},"query-input":{"@type":"PropertyValueSpecification","valueRequired":true,"valueName":"search_term_string"}}],"inLanguage":"fr-FR"},{"@type":"Person","@id":"https:\/\/arches-papers.com\/fr\/#\/schema\/person\/a7d908ec620cb78aac5020e0c7868bb6","name":"Eliane","image":{"@type":"ImageObject","inLanguage":"fr-FR","@id":"https:\/\/arches-papers.com\/fr\/#\/schema\/person\/image\/","url":"https:\/\/secure.gravatar.com\/avatar\/32332ae486056bf40e0ee1b810d0d16a31919fc2e459e2ddfa9fcfc91ffad518?s=96&d=mm&r=g","contentUrl":"https:\/\/secure.gravatar.com\/avatar\/32332ae486056bf40e0ee1b810d0d16a31919fc2e459e2ddfa9fcfc91ffad518?s=96&d=mm&r=g","caption":"Eliane"},"url":"https:\/\/arches-papers.com\/fr\/author\/eliane\/"}]}},"_links":{"self":[{"href":"https:\/\/arches-papers.com\/fr\/wp-json\/wp\/v2\/posts\/28443","targetHints":{"allow":["GET"]}}],"collection":[{"href":"https:\/\/arches-papers.com\/fr\/wp-json\/wp\/v2\/posts"}],"about":[{"href":"https:\/\/arches-papers.com\/fr\/wp-json\/wp\/v2\/types\/post"}],"author":[{"embeddable":true,"href":"https:\/\/arches-papers.com\/fr\/wp-json\/wp\/v2\/users\/17"}],"replies":[{"embeddable":true,"href":"https:\/\/arches-papers.com\/fr\/wp-json\/wp\/v2\/comments?post=28443"}],"version-history":[{"count":0,"href":"https:\/\/arches-papers.com\/fr\/wp-json\/wp\/v2\/posts\/28443\/revisions"}],"wp:featuredmedia":[{"embeddable":true,"href":"https:\/\/arches-papers.com\/fr\/wp-json\/wp\/v2\/media\/28447"}],"wp:attachment":[{"href":"https:\/\/arches-papers.com\/fr\/wp-json\/wp\/v2\/media?parent=28443"}],"wp:term":[{"taxonomy":"category","embeddable":true,"href":"https:\/\/arches-papers.com\/fr\/wp-json\/wp\/v2\/categories?post=28443"},{"taxonomy":"post_tag","embeddable":true,"href":"https:\/\/arches-papers.com\/fr\/wp-json\/wp\/v2\/tags?post=28443"}],"curies":[{"name":"wp","href":"https:\/\/api.w.org\/{rel}","templated":true}]}}