{"id":29979,"date":"2021-02-10T09:00:30","date_gmt":"2021-02-10T08:00:30","guid":{"rendered":"https:\/\/arches-papers.com\/?p=29979"},"modified":"2021-02-09T12:24:33","modified_gmt":"2021-02-09T11:24:33","slug":"28e-festival-international-du-film-fantastique-de-gerardmer","status":"publish","type":"post","link":"https:\/\/arches-papers.com\/fr\/28e-festival-international-du-film-fantastique-de-gerardmer\/","title":{"rendered":"28e Festival international du film fantastique de G\u00e9rardmer"},"content":{"rendered":"<div class=\"mp-row-fluid motopress-row mpce-dsbl-margin-left mpce-dsbl-margin-right\">\n<div class=\"motopress-clmn mp-span12  mpce-dsbl-margin-left mpce-dsbl-margin-right\">\n<div class=\"mp-row-fluid motopress-row mpce-dsbl-margin-left mpce-dsbl-margin-right\">\n<div class=\"motopress-clmn mp-span12 mpce-dsbl-margin-left mpce-dsbl-margin-right\">\n<div class=\"motopress-code-obj\">\n<p><strong>G\u00e9rardmer 2021, un fantastique Festival virtuel\u00a0!<\/strong><\/p>\n<p>Cette ann\u00e9e, le Festival international du film fantastique de G\u00e9rardmer qui a eu lieu du 27 au 31 janvier 2021 \u00e9tait num\u00e9rique. Les organisateurs n\u2019ont pas voulu annuler cette f\u00eate du cin\u00e9ma malgr\u00e9 la pand\u00e9mie\u00a0:<\/p>\n<p>&#8220;<em>G\u00e9rardmer, c&#8217;est un rendez-vous populaire, le rassemblement des fans du genre fantastique, on ne voulait pas en priver le public<\/em>&#8221; Bruno Barde, patron du Festival.<\/p>\n<\/div>\n<\/div>\n<\/div>\n<div class=\"mp-row-fluid motopress-row mpce-dsbl-margin-left mpce-dsbl-margin-right\">\n<div class=\"motopress-clmn mp-span4 mpce-dsbl-margin-left mpce-dsbl-margin-right\">\n<div class=\"motopress-image-obj motopress-text-align-left\"><img decoding=\"async\" src=\"https:\/\/arches-papers.com\/wp-content\/uploads\/2021\/02\/Affiche-Festival-film-fantastique-2021-1-683x1024.jpg\" title=\"Affiche-Festival-film-fantastique-2021-1\" alt=\"Affiche-Festival-film-fantastique-2021-1\" class=\"motopress-image-obj-basic mpce-prvt-29979-60225c5807996 mpce-dsbl-margin-left mpce-dsbl-margin-right mpce-dsbl-margin-top mpce-dsbl-margin-bottom\" \/><\/div>\n<\/div>\n<div class=\"motopress-clmn mp-span8 mpce-dsbl-margin-left mpce-dsbl-margin-right\">\n<div class=\"motopress-code-obj\">\n<p><strong>Une affiche vitamin\u00e9e\u00a0!<\/strong><\/p>\n<p>Comme les ann\u00e9es pr\u00e9c\u00e9dentes, ARCHES\u00ae \u00e9tait partenaire de cet \u00e9v\u00e9nement. L\u2019affiche orange, couleur de l\u2019optimisme, a \u00e9t\u00e9 imprim\u00e9e en \u00e9dition limit\u00e9e sur papier ARCHES\u00ae Expression texture blanc 250 g\/m\u00b2.<\/p>\n<p><a href=\"https:\/\/arches-papers.com\/fr\/la-gamme-papiers-arches\/impression-offset-arches-expression\/arches-expression\/\" target=\"_blank\" rel=\"noopener\">ARCHES Expression &#8211; Arches Papers (arches-papers.com)<\/a><\/p>\n<\/div>\n<\/div>\n<\/div>\n<div class=\"mp-row-fluid motopress-row mpce-dsbl-margin-left mpce-dsbl-margin-right\">\n<div class=\"motopress-clmn mp-span12 mpce-dsbl-margin-left mpce-dsbl-margin-right\">\n<div class=\"motopress-code-obj mpce-prvt-29979-60225ea365a3e\">\n<p><strong>Un public au rendez-vous <\/strong><\/p>\n<p>Les cin\u00e9philes, dont l\u2019engouement est rest\u00e9 intact, ont pu acqu\u00e9rir des pass virtuels et se connecter au site internet officiel du festival <a href=\"http:\/\/www.festival-gerardmer.com\/\" target=\"_blank\" rel=\"noopener\">www.festival-gerardmer.com<\/a> pour visionner, depuis leur salon, une s\u00e9lection de 30 films in\u00e9dits dont les 12 films en comp\u00e9tition\u00a0officielle.<\/p>\n<p><strong>Un jury prestigieux<\/strong><\/p>\n<p>Le r\u00e9alisateur Bertrand Bonello a pr\u00e9sid\u00e9 le Jury des longs m\u00e9trages, et le com\u00e9dien Pio Marma\u00ef \u00e9tait pr\u00e9sident du Jury des courts m\u00e9trages.<\/p>\n<\/div>\n<\/div>\n<\/div>\n<\/div>\n<\/div>\n<div class=\"mp-row-fluid motopress-row mpce-dsbl-margin-left mpce-dsbl-margin-right\">\n<div class=\"motopress-clmn mp-span6  mpce-dsbl-margin-left mpce-dsbl-margin-right\">\n<div class=\"mp-row-fluid motopress-row mpce-dsbl-margin-left mpce-dsbl-margin-right\">\n<div class=\"motopress-clmn mp-span12 mpce-dsbl-margin-left mpce-dsbl-margin-right\">\n<div class=\"motopress-image-obj motopress-text-align-center\"><img decoding=\"async\" src=\"https:\/\/arches-papers.com\/wp-content\/uploads\/2021\/02\/Bertrand-bonello.jpg\" title=\"Bertrand-bonello\" alt=\"Bertrand-bonello\" class=\"motopress-image-obj-basic mpce-dsbl-margin-left mpce-dsbl-margin-right mpce-dsbl-margin-top mpce-dsbl-margin-bottom\" \/><\/div>\n<\/div>\n<\/div>\n<div class=\"mp-row-fluid motopress-row mpce-dsbl-margin-left mpce-dsbl-margin-right\">\n<div class=\"motopress-clmn mp-span12 mpce-dsbl-margin-left mpce-dsbl-margin-right\">\n<div class=\"motopress-text-obj motopress-margin-top-20\">\n<p style=\"text-align: center;\"><span style=\"font-size: 14px;\"><em>Bertrand Bonello \u00a9 Droits r\u00e9serv\u00e9s<\/em><\/span><\/p>\n<\/div>\n<\/div>\n<\/div>\n<\/div>\n<div class=\"motopress-clmn mp-span6  mpce-dsbl-margin-left mpce-dsbl-margin-right\">\n<div class=\"mp-row-fluid motopress-row mpce-dsbl-margin-left mpce-dsbl-margin-right\">\n<div class=\"motopress-clmn mp-span12 mpce-dsbl-margin-left mpce-dsbl-margin-right\">\n<div class=\"motopress-image-obj motopress-text-align-center\"><img decoding=\"async\" src=\"https:\/\/arches-papers.com\/wp-content\/uploads\/2021\/02\/Pio-Mai.jpg\" title=\"Pio-Mai\" alt=\"Pio-Mai\" class=\"motopress-image-obj-basic mpce-dsbl-margin-left mpce-dsbl-margin-right mpce-dsbl-margin-top mpce-dsbl-margin-bottom\" \/><\/div>\n<\/div>\n<\/div>\n<div class=\"mp-row-fluid motopress-row mpce-dsbl-margin-left mpce-dsbl-margin-right\">\n<div class=\"motopress-clmn mp-span12 mpce-dsbl-margin-left mpce-dsbl-margin-right\">\n<div class=\"motopress-text-obj motopress-margin-top-20\">\n<p style=\"text-align: center;\"><span style=\"font-size: 14px;\"><em>Pio Mama\u00ef \u00a9 Olivier Vigerie<\/em><\/span><\/p>\n<\/div>\n<\/div>\n<\/div>\n<\/div>\n<\/div>\n<div class=\"mp-row-fluid motopress-row mpce-dsbl-margin-left mpce-dsbl-margin-right\">\n<div class=\"motopress-clmn mp-span12  mpce-dsbl-margin-left mpce-dsbl-margin-right\">\n<div class=\"mp-row-fluid motopress-row mpce-dsbl-margin-left mpce-dsbl-margin-right\">\n<div class=\"motopress-clmn mp-span12 mpce-dsbl-margin-left mpce-dsbl-margin-right\">\n<div class=\"motopress-code-obj motopress-margin-top-25\">\n<p>Quatre films se partagent les principaux prix\u00a0: \u00ab\u00a0POSSESSOR\u00a0\u00bb de Brandon Cronenberg (Canada &amp; Royaume-Uni), \u00ab\u00a0SLEEP\u00a0\u00bb de Michael Venus (Allemagne), \u00ab\u00a0TEDDY\u00a0\u00bb de Ludovic &amp; Zoran Boukherma (France) et \u00ab\u00a0LA NU\u00c9E\u00a0\u00bb de Just Philippot (France).<\/p>\n<p>Les troph\u00e9es remis aux laur\u00e9ats ont \u00e9t\u00e9 r\u00e9alis\u00e9s par les Cristalleries de Saint-Louis, qui comme le Moulin \u00e0 papier d\u2019Arches, sont lab\u00e9lis\u00e9es Entreprise du Patrimoine Vivant (EPV).<\/p>\n<\/div>\n<\/div>\n<\/div>\n<\/div>\n<\/div>\n","protected":false},"excerpt":{"rendered":"G\u00e9rardmer 2021, un fantastique Festival virtuel !\r\nCette ann\u00e9e, le Festival international du film fantastique de G\u00e9rardmer qui a eu lieu du 27 au 31 janvier 2021 \u00e9tait num\u00e9rique. Les organisateurs n\u2019ont pas voulu annuler cette f\u00eate du cin\u00e9ma malgr\u00e9 la pand\u00e9mie.","protected":false},"author":17,"featured_media":30016,"comment_status":"closed","ping_status":"closed","sticky":false,"template":"","format":"standard","meta":{"footnotes":""},"categories":[4],"tags":[214,425,369,212,213],"class_list":["post-29979","post","type-post","status-publish","format-standard","has-post-thumbnail","hentry","category-a-la-une","tag-arches","tag-arches-paper-fr-2","tag-arches-paper","tag-film-fantastique","tag-gerardmer"],"yoast_head":"<!-- This site is optimized with the Yoast SEO plugin v27.1.1 - https:\/\/yoast.com\/product\/yoast-seo-wordpress\/ -->\n<title>28e Festival international du film fantastique de G\u00e9rardmer - Arches Papers<\/title>\n<meta name=\"description\" content=\"Cette ann\u00e9e, le 28\u00e8 Festival international du film fantastique de G\u00e9rardmer qui a eu lieu du 27 au 31 janvier 2021 \u00e9tait num\u00e9rique.\" \/>\n<meta name=\"robots\" content=\"index, follow, max-snippet:-1, max-image-preview:large, max-video-preview:-1\" \/>\n<link rel=\"canonical\" href=\"https:\/\/arches-papers.com\/fr\/28e-festival-international-du-film-fantastique-de-gerardmer\/\" \/>\n<meta property=\"og:locale\" content=\"fr_FR\" \/>\n<meta property=\"og:type\" content=\"article\" \/>\n<meta property=\"og:title\" content=\"28e Festival international du film fantastique de G\u00e9rardmer - Arches Papers\" \/>\n<meta property=\"og:description\" content=\"Cette ann\u00e9e, le 28\u00e8 Festival international du film fantastique de G\u00e9rardmer qui a eu lieu du 27 au 31 janvier 2021 \u00e9tait num\u00e9rique.\" \/>\n<meta property=\"og:url\" content=\"https:\/\/arches-papers.com\/fr\/28e-festival-international-du-film-fantastique-de-gerardmer\/\" \/>\n<meta property=\"og:site_name\" content=\"Arches Papers\" \/>\n<meta property=\"article:published_time\" content=\"2021-02-10T08:00:30+00:00\" \/>\n<meta property=\"og:image\" content=\"https:\/\/arches-papers.com\/wp-content\/uploads\/2021\/02\/HD-FANTASTIC-ARTS-Affiches-2021-40X60-Velin-bis-site.jpg\" \/>\n\t<meta property=\"og:image:width\" content=\"1600\" \/>\n\t<meta property=\"og:image:height\" content=\"1240\" \/>\n\t<meta property=\"og:image:type\" content=\"image\/jpeg\" \/>\n<meta name=\"author\" content=\"Eliane\" \/>\n<meta name=\"twitter:card\" content=\"summary_large_image\" \/>\n<meta name=\"twitter:label1\" content=\"\u00c9crit par\" \/>\n\t<meta name=\"twitter:data1\" content=\"Eliane\" \/>\n\t<meta name=\"twitter:label2\" content=\"Dur\u00e9e de lecture estim\u00e9e\" \/>\n\t<meta name=\"twitter:data2\" content=\"1 minute\" \/>\n<script type=\"application\/ld+json\" class=\"yoast-schema-graph\">{\"@context\":\"https:\/\/schema.org\",\"@graph\":[{\"@type\":\"Article\",\"@id\":\"https:\/\/arches-papers.com\/fr\/28e-festival-international-du-film-fantastique-de-gerardmer\/#article\",\"isPartOf\":{\"@id\":\"https:\/\/arches-papers.com\/fr\/28e-festival-international-du-film-fantastique-de-gerardmer\/\"},\"author\":{\"name\":\"Eliane\",\"@id\":\"https:\/\/arches-papers.com\/fr\/#\/schema\/person\/a7d908ec620cb78aac5020e0c7868bb6\"},\"headline\":\"28e Festival international du film fantastique de G\u00e9rardmer\",\"datePublished\":\"2021-02-10T08:00:30+00:00\",\"mainEntityOfPage\":{\"@id\":\"https:\/\/arches-papers.com\/fr\/28e-festival-international-du-film-fantastique-de-gerardmer\/\"},\"wordCount\":289,\"image\":{\"@id\":\"https:\/\/arches-papers.com\/fr\/28e-festival-international-du-film-fantastique-de-gerardmer\/#primaryimage\"},\"thumbnailUrl\":\"https:\/\/arches-papers.com\/wp-content\/uploads\/2021\/02\/HD-FANTASTIC-ARTS-Affiches-2021-40X60-Velin-bis-site.jpg\",\"keywords\":[\"Arches\",\"ARCHES paper\",\"ARCHES paper\",\"film fantastique\",\"G\u00e9rardmer\"],\"articleSection\":[\"a la une\"],\"inLanguage\":\"fr-FR\"},{\"@type\":\"WebPage\",\"@id\":\"https:\/\/arches-papers.com\/fr\/28e-festival-international-du-film-fantastique-de-gerardmer\/\",\"url\":\"https:\/\/arches-papers.com\/fr\/28e-festival-international-du-film-fantastique-de-gerardmer\/\",\"name\":\"28e Festival international du film fantastique de G\u00e9rardmer - Arches Papers\",\"isPartOf\":{\"@id\":\"https:\/\/arches-papers.com\/fr\/#website\"},\"primaryImageOfPage\":{\"@id\":\"https:\/\/arches-papers.com\/fr\/28e-festival-international-du-film-fantastique-de-gerardmer\/#primaryimage\"},\"image\":{\"@id\":\"https:\/\/arches-papers.com\/fr\/28e-festival-international-du-film-fantastique-de-gerardmer\/#primaryimage\"},\"thumbnailUrl\":\"https:\/\/arches-papers.com\/wp-content\/uploads\/2021\/02\/HD-FANTASTIC-ARTS-Affiches-2021-40X60-Velin-bis-site.jpg\",\"datePublished\":\"2021-02-10T08:00:30+00:00\",\"author\":{\"@id\":\"https:\/\/arches-papers.com\/fr\/#\/schema\/person\/a7d908ec620cb78aac5020e0c7868bb6\"},\"description\":\"Cette ann\u00e9e, le 28\u00e8 Festival international du film fantastique de G\u00e9rardmer qui a eu lieu du 27 au 31 janvier 2021 \u00e9tait num\u00e9rique.\",\"breadcrumb\":{\"@id\":\"https:\/\/arches-papers.com\/fr\/28e-festival-international-du-film-fantastique-de-gerardmer\/#breadcrumb\"},\"inLanguage\":\"fr-FR\",\"potentialAction\":[{\"@type\":\"ReadAction\",\"target\":[\"https:\/\/arches-papers.com\/fr\/28e-festival-international-du-film-fantastique-de-gerardmer\/\"]}]},{\"@type\":\"ImageObject\",\"inLanguage\":\"fr-FR\",\"@id\":\"https:\/\/arches-papers.com\/fr\/28e-festival-international-du-film-fantastique-de-gerardmer\/#primaryimage\",\"url\":\"https:\/\/arches-papers.com\/wp-content\/uploads\/2021\/02\/HD-FANTASTIC-ARTS-Affiches-2021-40X60-Velin-bis-site.jpg\",\"contentUrl\":\"https:\/\/arches-papers.com\/wp-content\/uploads\/2021\/02\/HD-FANTASTIC-ARTS-Affiches-2021-40X60-Velin-bis-site.jpg\",\"width\":1600,\"height\":1240},{\"@type\":\"BreadcrumbList\",\"@id\":\"https:\/\/arches-papers.com\/fr\/28e-festival-international-du-film-fantastique-de-gerardmer\/#breadcrumb\",\"itemListElement\":[{\"@type\":\"ListItem\",\"position\":1,\"name\":\"Accueil\",\"item\":\"https:\/\/arches-papers.com\/fr\/\"},{\"@type\":\"ListItem\",\"position\":2,\"name\":\"28e Festival international du film fantastique de G\u00e9rardmer\"}]},{\"@type\":\"WebSite\",\"@id\":\"https:\/\/arches-papers.com\/fr\/#website\",\"url\":\"https:\/\/arches-papers.com\/fr\/\",\"name\":\"Arches Papers\",\"description\":\"Fabricant de papier\",\"potentialAction\":[{\"@type\":\"SearchAction\",\"target\":{\"@type\":\"EntryPoint\",\"urlTemplate\":\"https:\/\/arches-papers.com\/fr\/?s={search_term_string}\"},\"query-input\":{\"@type\":\"PropertyValueSpecification\",\"valueRequired\":true,\"valueName\":\"search_term_string\"}}],\"inLanguage\":\"fr-FR\"},{\"@type\":\"Person\",\"@id\":\"https:\/\/arches-papers.com\/fr\/#\/schema\/person\/a7d908ec620cb78aac5020e0c7868bb6\",\"name\":\"Eliane\",\"image\":{\"@type\":\"ImageObject\",\"inLanguage\":\"fr-FR\",\"@id\":\"https:\/\/arches-papers.com\/fr\/#\/schema\/person\/image\/\",\"url\":\"https:\/\/secure.gravatar.com\/avatar\/32332ae486056bf40e0ee1b810d0d16a31919fc2e459e2ddfa9fcfc91ffad518?s=96&d=mm&r=g\",\"contentUrl\":\"https:\/\/secure.gravatar.com\/avatar\/32332ae486056bf40e0ee1b810d0d16a31919fc2e459e2ddfa9fcfc91ffad518?s=96&d=mm&r=g\",\"caption\":\"Eliane\"},\"url\":\"https:\/\/arches-papers.com\/fr\/author\/eliane\/\"}]}<\/script>\n<!-- \/ Yoast SEO plugin. -->","yoast_head_json":{"title":"28e Festival international du film fantastique de G\u00e9rardmer - Arches Papers","description":"Cette ann\u00e9e, le 28\u00e8 Festival international du film fantastique de G\u00e9rardmer qui a eu lieu du 27 au 31 janvier 2021 \u00e9tait num\u00e9rique.","robots":{"index":"index","follow":"follow","max-snippet":"max-snippet:-1","max-image-preview":"max-image-preview:large","max-video-preview":"max-video-preview:-1"},"canonical":"https:\/\/arches-papers.com\/fr\/28e-festival-international-du-film-fantastique-de-gerardmer\/","og_locale":"fr_FR","og_type":"article","og_title":"28e Festival international du film fantastique de G\u00e9rardmer - Arches Papers","og_description":"Cette ann\u00e9e, le 28\u00e8 Festival international du film fantastique de G\u00e9rardmer qui a eu lieu du 27 au 31 janvier 2021 \u00e9tait num\u00e9rique.","og_url":"https:\/\/arches-papers.com\/fr\/28e-festival-international-du-film-fantastique-de-gerardmer\/","og_site_name":"Arches Papers","article_published_time":"2021-02-10T08:00:30+00:00","og_image":[{"width":1600,"height":1240,"url":"https:\/\/arches-papers.com\/wp-content\/uploads\/2021\/02\/HD-FANTASTIC-ARTS-Affiches-2021-40X60-Velin-bis-site.jpg","type":"image\/jpeg"}],"author":"Eliane","twitter_card":"summary_large_image","twitter_misc":{"\u00c9crit par":"Eliane","Dur\u00e9e de lecture estim\u00e9e":"1 minute"},"schema":{"@context":"https:\/\/schema.org","@graph":[{"@type":"Article","@id":"https:\/\/arches-papers.com\/fr\/28e-festival-international-du-film-fantastique-de-gerardmer\/#article","isPartOf":{"@id":"https:\/\/arches-papers.com\/fr\/28e-festival-international-du-film-fantastique-de-gerardmer\/"},"author":{"name":"Eliane","@id":"https:\/\/arches-papers.com\/fr\/#\/schema\/person\/a7d908ec620cb78aac5020e0c7868bb6"},"headline":"28e Festival international du film fantastique de G\u00e9rardmer","datePublished":"2021-02-10T08:00:30+00:00","mainEntityOfPage":{"@id":"https:\/\/arches-papers.com\/fr\/28e-festival-international-du-film-fantastique-de-gerardmer\/"},"wordCount":289,"image":{"@id":"https:\/\/arches-papers.com\/fr\/28e-festival-international-du-film-fantastique-de-gerardmer\/#primaryimage"},"thumbnailUrl":"https:\/\/arches-papers.com\/wp-content\/uploads\/2021\/02\/HD-FANTASTIC-ARTS-Affiches-2021-40X60-Velin-bis-site.jpg","keywords":["Arches","ARCHES paper","ARCHES paper","film fantastique","G\u00e9rardmer"],"articleSection":["a la une"],"inLanguage":"fr-FR"},{"@type":"WebPage","@id":"https:\/\/arches-papers.com\/fr\/28e-festival-international-du-film-fantastique-de-gerardmer\/","url":"https:\/\/arches-papers.com\/fr\/28e-festival-international-du-film-fantastique-de-gerardmer\/","name":"28e Festival international du film fantastique de G\u00e9rardmer - Arches Papers","isPartOf":{"@id":"https:\/\/arches-papers.com\/fr\/#website"},"primaryImageOfPage":{"@id":"https:\/\/arches-papers.com\/fr\/28e-festival-international-du-film-fantastique-de-gerardmer\/#primaryimage"},"image":{"@id":"https:\/\/arches-papers.com\/fr\/28e-festival-international-du-film-fantastique-de-gerardmer\/#primaryimage"},"thumbnailUrl":"https:\/\/arches-papers.com\/wp-content\/uploads\/2021\/02\/HD-FANTASTIC-ARTS-Affiches-2021-40X60-Velin-bis-site.jpg","datePublished":"2021-02-10T08:00:30+00:00","author":{"@id":"https:\/\/arches-papers.com\/fr\/#\/schema\/person\/a7d908ec620cb78aac5020e0c7868bb6"},"description":"Cette ann\u00e9e, le 28\u00e8 Festival international du film fantastique de G\u00e9rardmer qui a eu lieu du 27 au 31 janvier 2021 \u00e9tait num\u00e9rique.","breadcrumb":{"@id":"https:\/\/arches-papers.com\/fr\/28e-festival-international-du-film-fantastique-de-gerardmer\/#breadcrumb"},"inLanguage":"fr-FR","potentialAction":[{"@type":"ReadAction","target":["https:\/\/arches-papers.com\/fr\/28e-festival-international-du-film-fantastique-de-gerardmer\/"]}]},{"@type":"ImageObject","inLanguage":"fr-FR","@id":"https:\/\/arches-papers.com\/fr\/28e-festival-international-du-film-fantastique-de-gerardmer\/#primaryimage","url":"https:\/\/arches-papers.com\/wp-content\/uploads\/2021\/02\/HD-FANTASTIC-ARTS-Affiches-2021-40X60-Velin-bis-site.jpg","contentUrl":"https:\/\/arches-papers.com\/wp-content\/uploads\/2021\/02\/HD-FANTASTIC-ARTS-Affiches-2021-40X60-Velin-bis-site.jpg","width":1600,"height":1240},{"@type":"BreadcrumbList","@id":"https:\/\/arches-papers.com\/fr\/28e-festival-international-du-film-fantastique-de-gerardmer\/#breadcrumb","itemListElement":[{"@type":"ListItem","position":1,"name":"Accueil","item":"https:\/\/arches-papers.com\/fr\/"},{"@type":"ListItem","position":2,"name":"28e Festival international du film fantastique de G\u00e9rardmer"}]},{"@type":"WebSite","@id":"https:\/\/arches-papers.com\/fr\/#website","url":"https:\/\/arches-papers.com\/fr\/","name":"Arches Papers","description":"Fabricant de papier","potentialAction":[{"@type":"SearchAction","target":{"@type":"EntryPoint","urlTemplate":"https:\/\/arches-papers.com\/fr\/?s={search_term_string}"},"query-input":{"@type":"PropertyValueSpecification","valueRequired":true,"valueName":"search_term_string"}}],"inLanguage":"fr-FR"},{"@type":"Person","@id":"https:\/\/arches-papers.com\/fr\/#\/schema\/person\/a7d908ec620cb78aac5020e0c7868bb6","name":"Eliane","image":{"@type":"ImageObject","inLanguage":"fr-FR","@id":"https:\/\/arches-papers.com\/fr\/#\/schema\/person\/image\/","url":"https:\/\/secure.gravatar.com\/avatar\/32332ae486056bf40e0ee1b810d0d16a31919fc2e459e2ddfa9fcfc91ffad518?s=96&d=mm&r=g","contentUrl":"https:\/\/secure.gravatar.com\/avatar\/32332ae486056bf40e0ee1b810d0d16a31919fc2e459e2ddfa9fcfc91ffad518?s=96&d=mm&r=g","caption":"Eliane"},"url":"https:\/\/arches-papers.com\/fr\/author\/eliane\/"}]}},"_links":{"self":[{"href":"https:\/\/arches-papers.com\/fr\/wp-json\/wp\/v2\/posts\/29979","targetHints":{"allow":["GET"]}}],"collection":[{"href":"https:\/\/arches-papers.com\/fr\/wp-json\/wp\/v2\/posts"}],"about":[{"href":"https:\/\/arches-papers.com\/fr\/wp-json\/wp\/v2\/types\/post"}],"author":[{"embeddable":true,"href":"https:\/\/arches-papers.com\/fr\/wp-json\/wp\/v2\/users\/17"}],"replies":[{"embeddable":true,"href":"https:\/\/arches-papers.com\/fr\/wp-json\/wp\/v2\/comments?post=29979"}],"version-history":[{"count":0,"href":"https:\/\/arches-papers.com\/fr\/wp-json\/wp\/v2\/posts\/29979\/revisions"}],"wp:featuredmedia":[{"embeddable":true,"href":"https:\/\/arches-papers.com\/fr\/wp-json\/wp\/v2\/media\/30016"}],"wp:attachment":[{"href":"https:\/\/arches-papers.com\/fr\/wp-json\/wp\/v2\/media?parent=29979"}],"wp:term":[{"taxonomy":"category","embeddable":true,"href":"https:\/\/arches-papers.com\/fr\/wp-json\/wp\/v2\/categories?post=29979"},{"taxonomy":"post_tag","embeddable":true,"href":"https:\/\/arches-papers.com\/fr\/wp-json\/wp\/v2\/tags?post=29979"}],"curies":[{"name":"wp","href":"https:\/\/api.w.org\/{rel}","templated":true}]}}