{"id":34358,"date":"2021-09-24T12:37:26","date_gmt":"2021-09-24T10:37:26","guid":{"rendered":"https:\/\/arches-papers.com\/?p=34358"},"modified":"2021-09-24T12:37:26","modified_gmt":"2021-09-24T10:37:26","slug":"une-exposition-dediee-au-moulin-a-papier-darches","status":"publish","type":"post","link":"https:\/\/arches-papers.com\/fr\/une-exposition-dediee-au-moulin-a-papier-darches\/","title":{"rendered":"Une exposition d\u00e9di\u00e9e au Moulin \u00e0 papier d\u2019Arches"},"content":{"rendered":"<div class=\"mp-row-fluid motopress-row mpce-dsbl-margin-left mpce-dsbl-margin-right\">\n<div class=\"motopress-clmn mp-span12  mpce-dsbl-margin-left mpce-dsbl-margin-right\">\n<div class=\"mp-row-fluid motopress-row mpce-dsbl-margin-left mpce-dsbl-margin-right\">\n<div class=\"motopress-clmn mp-span12 mpce-dsbl-margin-left mpce-dsbl-margin-right\">\n<div class=\"motopress-code-obj\">\n<p><img loading=\"lazy\" decoding=\"async\" class=\"size-full wp-image-34396 aligncenter\" src=\"https:\/\/arches-papers.com\/wp-content\/uploads\/2021\/09\/Expo-affiche.jpg\" alt=\"\" width=\"493\" height=\"800\" srcset=\"https:\/\/arches-papers.com\/wp-content\/uploads\/2021\/09\/Expo-affiche.jpg 493w, https:\/\/arches-papers.com\/wp-content\/uploads\/2021\/09\/Expo-affiche-185x300.jpg 185w\" sizes=\"auto, (max-width: 493px) 100vw, 493px\" \/><\/p>\n<p>Du 3 septembre au 13 octobre 2021, la m\u00e9diath\u00e8que de la petite ville d\u2019Arches, organise en partenariat avec ARCHES\u00ae, une exposition d\u00e9di\u00e9e au Moulin \u00e0 papier d\u2019Arches dont l\u2019histoire est riche et longue.<\/p>\n<p>Cette exposition est une occasion r\u00eav\u00e9e, pour les habitants de la r\u00e9gion et les visiteurs de passage, d\u2019en apprendre un peu plus sur ce lieu embl\u00e9matique et sur sa production de papier dont la qualit\u00e9 est de renomm\u00e9e mondiale.<\/p>\n<p><img loading=\"lazy\" decoding=\"async\" class=\"alignnone size-full wp-image-34375\" src=\"https:\/\/arches-papers.com\/wp-content\/uploads\/2021\/09\/Expo-03-20210907_170736.jpg\" alt=\"\" width=\"1200\" height=\"675\" srcset=\"https:\/\/arches-papers.com\/wp-content\/uploads\/2021\/09\/Expo-03-20210907_170736.jpg 1200w, https:\/\/arches-papers.com\/wp-content\/uploads\/2021\/09\/Expo-03-20210907_170736-300x169.jpg 300w, https:\/\/arches-papers.com\/wp-content\/uploads\/2021\/09\/Expo-03-20210907_170736-1024x576.jpg 1024w\" sizes=\"auto, (max-width: 1200px) 100vw, 1200px\" \/><\/p>\n<p>Des \u0153uvres, anciennes et contemporaines, r\u00e9alis\u00e9es sur papier ARCHES\u00ae y sont expos\u00e9es\u00a0: aquarelles, lithographies, gravures, estampes, affiches\u2026\u00a0 On peut \u00e9galement y d\u00e9couvrir des documents d\u2019archives, d\u2019anciens \u00e9chantillonneurs, des livres, des outils sp\u00e9cifiques utilis\u00e9s par les ma\u00eetres papetiers\u2026 exceptionnellement sortis des archives de la papeterie ARCHES\u00ae.<\/p>\n<\/div>\n<\/div>\n<\/div>\n<\/div>\n<\/div>\n<div class=\"mp-row-fluid motopress-row mpce-prvt-34358-614d891106677 mpce-dsbl-margin-left mpce-dsbl-margin-right\">\n<div class=\"motopress-clmn mp-span6  mpce-dsbl-margin-left mpce-dsbl-margin-right\">\n<div class=\"motopress-image-obj motopress-text-align-center\"><img decoding=\"async\" src=\"https:\/\/arches-papers.com\/wp-content\/uploads\/2021\/09\/Expo-04-20210903_112852.jpg\" title=\"Expo-04-20210903_112852\" alt=\"Expo-04-20210903_112852\" class=\"motopress-image-obj-basic mpce-dsbl-margin-left mpce-dsbl-margin-right mpce-dsbl-margin-top mpce-dsbl-margin-bottom\" \/><\/div>\n<\/div>\n<div class=\"motopress-clmn mp-span6  mpce-dsbl-margin-left mpce-dsbl-margin-right\">\n<div class=\"motopress-image-obj motopress-text-align-center\"><img decoding=\"async\" src=\"https:\/\/arches-papers.com\/wp-content\/uploads\/2021\/09\/Expo-05-20210907_174900.jpg\" title=\"Expo-05-20210907_174900\" alt=\"Expo-05-20210907_174900\" class=\"motopress-image-obj-basic mpce-dsbl-margin-left mpce-dsbl-margin-right mpce-dsbl-margin-top mpce-dsbl-margin-bottom\" \/><\/div>\n<\/div>\n<\/div>\n<div class=\"mp-row-fluid motopress-row mpce-prvt-34358-614d8936066f7 mpce-dsbl-margin-left mpce-dsbl-margin-right\">\n<div class=\"motopress-clmn mp-span12  mpce-dsbl-margin-left mpce-dsbl-margin-right\">\n<div class=\"motopress-image-obj motopress-text-align-left\"><img decoding=\"async\" src=\"https:\/\/arches-papers.com\/wp-content\/uploads\/2021\/09\/Expo-02-20210907_173728.jpg\" title=\"Expo-02-20210907_173728\" alt=\"Expo-02-20210907_173728\" class=\"motopress-image-obj-basic mpce-dsbl-margin-left mpce-dsbl-margin-right mpce-dsbl-margin-top mpce-dsbl-margin-bottom\" \/><\/div>\n<\/div>\n<\/div>\n<div class=\"mp-row-fluid motopress-row mpce-prvt-34358-614d894506738 mpce-dsbl-margin-left mpce-dsbl-margin-right\">\n<div class=\"motopress-clmn mp-span12  mpce-dsbl-margin-left mpce-dsbl-margin-right\">\n<div class=\"motopress-image-obj motopress-text-align-left\"><img decoding=\"async\" src=\"https:\/\/arches-papers.com\/wp-content\/uploads\/2021\/09\/Expo-01-20210907_174535.jpg\" title=\"Expo-01-20210907_174535\" alt=\"Expo-01-20210907_174535\" class=\"motopress-image-obj-basic mpce-dsbl-margin-left mpce-dsbl-margin-right mpce-dsbl-margin-top mpce-dsbl-margin-bottom\" \/><\/div>\n<\/div>\n<\/div>\n<div class=\"mp-row-fluid motopress-row mpce-dsbl-margin-left mpce-dsbl-margin-right\">\n<div class=\"motopress-clmn mp-span12  mpce-dsbl-margin-left mpce-dsbl-margin-right\">\n<div class=\"mp-row-fluid motopress-row mpce-dsbl-margin-left mpce-dsbl-margin-right\">\n<div class=\"motopress-clmn mp-span12 mpce-dsbl-margin-left mpce-dsbl-margin-right\">\n<div class=\"motopress-code-obj\">\n<p>Pour ceux qui n\u2019auront pas l\u2019occasion de se rendre dans les Vosges \u00e0 la rentr\u00e9e, d\u00e9couvrez ici un petit aper\u00e7u de l\u2019exposition\u00a0:<\/p>\n<\/div>\n<\/div>\n<\/div>\n<div class=\"mp-row-fluid motopress-row mpce-dsbl-margin-left mpce-dsbl-margin-right\">\n<div class=\"motopress-clmn mp-span12 mpce-dsbl-margin-left mpce-dsbl-margin-right\">\n<div class=\"motopress-video-obj\"><iframe src=\"\/\/www.youtube.com\/embed\/rwUhivY7p7c?wmode=opaque\" class=\" mpce-dsbl-margin-left mpce-dsbl-margin-right mpce-dsbl-margin-top mpce-dsbl-margin-bottom\" frameborder=\"0\" webkitallowfullscreen mozallowfullscreen allowfullscreen><\/iframe><\/div>\n<\/div>\n<\/div>\n<\/div>\n<\/div>\n<div class=\"mp-row-fluid motopress-row mpce-prvt-34358-614d895306779 mpce-dsbl-margin-left mpce-dsbl-margin-right\">\n<div class=\"motopress-clmn mp-span12  mpce-dsbl-margin-left mpce-dsbl-margin-right\">\n<div class=\"mp-row-fluid motopress-row mpce-dsbl-margin-left mpce-dsbl-margin-right\">\n<div class=\"motopress-clmn mp-span12 mpce-dsbl-margin-left mpce-dsbl-margin-right\">\n<div class=\"motopress-code-obj mpce-prvt-34356-614d8634391e4\">\n<table>\n<tbody>\n<tr>\n<td style=\"background-color: #67afae; padding: 15px;\"><span style=\"color: #ffffff;\"><u>Horaires d\u2019ouverture au public de la m\u00e9diath\u00e8que<\/u>\u00a0:<\/span><\/p>\n<p><span style=\"color: #ffffff;\">L\u2019H\u00eatraie\u00a04, rue de la mairie 88380 ARCHES.<\/span><\/p>\n<p class=\"Default\"><span lang=\"EN-US\" style=\"color: #ffffff;\">Mardi\u00a0: 16h-18h<\/span><\/p>\n<p class=\"Default\"><span lang=\"EN-US\" style=\"color: #ffffff;\">Mercredi : 10h-12h \/ 14h-18h<\/span><\/p>\n<p class=\"Default\"><span style=\"color: #ffffff;\">Vendredi : 16h-19h<\/span><\/p>\n<p class=\"Default\"><span style=\"color: #ffffff;\">Samedi\u00a0: 9h30-12h<\/span><\/p>\n<p><span style=\"color: #ffffff;\"><strong>\u00a0<\/strong><\/span><\/p>\n<p class=\"Default\"><span style=\"color: #ffffff;\"><b>ENTR\u00c9E GRATUITE<\/b><\/span><\/p>\n<\/td>\n<\/tr>\n<\/tbody>\n<\/table>\n<\/div>\n<\/div>\n<\/div>\n<div class=\"mp-row-fluid motopress-row mpce-dsbl-margin-left mpce-dsbl-margin-right\">\n<div class=\"motopress-clmn mp-span12 mpce-dsbl-margin-left mpce-dsbl-margin-right  motopress-space\">\n<div class=\"motopress-space-obj mpce-dsbl-background-image-type mpce-dsbl-background-image mpce-dsbl-background-gradient mpce-dsbl-background-position mpce-dsbl-background-position-x mpce-dsbl-background-position-y mpce-dsbl-background-repeat mpce-dsbl-background-size mpce-dsbl-background-attachment mpce-dsbl-margin-left mpce-dsbl-margin-right mpce-dsbl-background-color mpce-dsbl-border-top-width mpce-dsbl-border-bottom-width mpce-dsbl-border-left-width mpce-dsbl-border-right-width mpce-dsbl-border-top-left-radius mpce-dsbl-border-top-right-radius mpce-dsbl-border-bottom-left-radius mpce-dsbl-border-bottom-right-radius mpce-dsbl-border-style mpce-dsbl-border-color mpce-dsbl-padding-left mpce-dsbl-padding-right mpce-dsbl-margin-top mpce-dsbl-margin-bottom mpce-dsbl-color\"  style=\"min-height: 60px;\" data-min-height=\"60\"><div><\/div><\/div>\n<\/div>\n<\/div>\n<\/div>\n<\/div>\n","protected":false},"excerpt":{"rendered":"Du 3 septembre au 13 octobre 2021, la m\u00e9diath\u00e8que de la petite ville d\u2019Arches, organise en partenariat avec ARCHES\u00ae, une exposition d\u00e9di\u00e9e au Moulin \u00e0 papier d\u2019Arches dont l\u2019histoire est riche et longue. ","protected":false},"author":17,"featured_media":34414,"comment_status":"closed","ping_status":"closed","sticky":false,"template":"","format":"standard","meta":{"footnotes":""},"categories":[5],"tags":[],"class_list":["post-34358","post","type-post","status-publish","format-standard","has-post-thumbnail","hentry","category-actus"],"yoast_head":"<!-- This site is optimized with the Yoast SEO plugin v27.1.1 - https:\/\/yoast.com\/product\/yoast-seo-wordpress\/ -->\n<title>Une exposition d\u00e9di\u00e9e au Moulin \u00e0 papier d\u2019Arches - Arches Papers<\/title>\n<meta name=\"description\" content=\"La petite ville d\u2019Arches, organise en partenariat avec ARCHES\u00ae, une exposition d\u00e9di\u00e9e au Moulin \u00e0 papier d\u2019Arches dont l\u2019histoire est riche et longue.\" \/>\n<meta name=\"robots\" content=\"index, follow, max-snippet:-1, max-image-preview:large, max-video-preview:-1\" \/>\n<link rel=\"canonical\" href=\"https:\/\/arches-papers.com\/fr\/une-exposition-dediee-au-moulin-a-papier-darches\/\" \/>\n<meta property=\"og:locale\" content=\"fr_FR\" \/>\n<meta property=\"og:type\" content=\"article\" \/>\n<meta property=\"og:title\" content=\"Une exposition d\u00e9di\u00e9e au Moulin \u00e0 papier d\u2019Arches - Arches Papers\" \/>\n<meta property=\"og:description\" content=\"La petite ville d\u2019Arches, organise en partenariat avec ARCHES\u00ae, une exposition d\u00e9di\u00e9e au Moulin \u00e0 papier d\u2019Arches dont l\u2019histoire est riche et longue.\" \/>\n<meta property=\"og:url\" content=\"https:\/\/arches-papers.com\/fr\/une-exposition-dediee-au-moulin-a-papier-darches\/\" \/>\n<meta property=\"og:site_name\" content=\"Arches Papers\" \/>\n<meta property=\"article:published_time\" content=\"2021-09-24T10:37:26+00:00\" \/>\n<meta property=\"og:image\" content=\"https:\/\/arches-papers.com\/wp-content\/uploads\/2021\/09\/Expo-00-20210907_164331.jpg\" \/>\n\t<meta property=\"og:image:width\" content=\"1600\" \/>\n\t<meta property=\"og:image:height\" content=\"900\" \/>\n\t<meta property=\"og:image:type\" content=\"image\/jpeg\" \/>\n<meta name=\"author\" content=\"Eliane\" \/>\n<meta name=\"twitter:card\" content=\"summary_large_image\" \/>\n<meta name=\"twitter:label1\" content=\"\u00c9crit par\" \/>\n\t<meta name=\"twitter:data1\" content=\"Eliane\" \/>\n\t<meta name=\"twitter:label2\" content=\"Dur\u00e9e de lecture estim\u00e9e\" \/>\n\t<meta name=\"twitter:data2\" content=\"1 minute\" \/>\n<script type=\"application\/ld+json\" class=\"yoast-schema-graph\">{\"@context\":\"https:\/\/schema.org\",\"@graph\":[{\"@type\":\"Article\",\"@id\":\"https:\/\/arches-papers.com\/fr\/une-exposition-dediee-au-moulin-a-papier-darches\/#article\",\"isPartOf\":{\"@id\":\"https:\/\/arches-papers.com\/fr\/une-exposition-dediee-au-moulin-a-papier-darches\/\"},\"author\":{\"name\":\"Eliane\",\"@id\":\"https:\/\/arches-papers.com\/fr\/#\/schema\/person\/a7d908ec620cb78aac5020e0c7868bb6\"},\"headline\":\"Une exposition d\u00e9di\u00e9e au Moulin \u00e0 papier d\u2019Arches\",\"datePublished\":\"2021-09-24T10:37:26+00:00\",\"mainEntityOfPage\":{\"@id\":\"https:\/\/arches-papers.com\/fr\/une-exposition-dediee-au-moulin-a-papier-darches\/\"},\"wordCount\":216,\"image\":{\"@id\":\"https:\/\/arches-papers.com\/fr\/une-exposition-dediee-au-moulin-a-papier-darches\/#primaryimage\"},\"thumbnailUrl\":\"https:\/\/arches-papers.com\/wp-content\/uploads\/2021\/09\/Expo-00-20210907_164331.jpg\",\"articleSection\":[\"actus\"],\"inLanguage\":\"fr-FR\"},{\"@type\":\"WebPage\",\"@id\":\"https:\/\/arches-papers.com\/fr\/une-exposition-dediee-au-moulin-a-papier-darches\/\",\"url\":\"https:\/\/arches-papers.com\/fr\/une-exposition-dediee-au-moulin-a-papier-darches\/\",\"name\":\"Une exposition d\u00e9di\u00e9e au Moulin \u00e0 papier d\u2019Arches - Arches Papers\",\"isPartOf\":{\"@id\":\"https:\/\/arches-papers.com\/fr\/#website\"},\"primaryImageOfPage\":{\"@id\":\"https:\/\/arches-papers.com\/fr\/une-exposition-dediee-au-moulin-a-papier-darches\/#primaryimage\"},\"image\":{\"@id\":\"https:\/\/arches-papers.com\/fr\/une-exposition-dediee-au-moulin-a-papier-darches\/#primaryimage\"},\"thumbnailUrl\":\"https:\/\/arches-papers.com\/wp-content\/uploads\/2021\/09\/Expo-00-20210907_164331.jpg\",\"datePublished\":\"2021-09-24T10:37:26+00:00\",\"author\":{\"@id\":\"https:\/\/arches-papers.com\/fr\/#\/schema\/person\/a7d908ec620cb78aac5020e0c7868bb6\"},\"description\":\"La petite ville d\u2019Arches, organise en partenariat avec ARCHES\u00ae, une exposition d\u00e9di\u00e9e au Moulin \u00e0 papier d\u2019Arches dont l\u2019histoire est riche et longue.\",\"breadcrumb\":{\"@id\":\"https:\/\/arches-papers.com\/fr\/une-exposition-dediee-au-moulin-a-papier-darches\/#breadcrumb\"},\"inLanguage\":\"fr-FR\",\"potentialAction\":[{\"@type\":\"ReadAction\",\"target\":[\"https:\/\/arches-papers.com\/fr\/une-exposition-dediee-au-moulin-a-papier-darches\/\"]}]},{\"@type\":\"ImageObject\",\"inLanguage\":\"fr-FR\",\"@id\":\"https:\/\/arches-papers.com\/fr\/une-exposition-dediee-au-moulin-a-papier-darches\/#primaryimage\",\"url\":\"https:\/\/arches-papers.com\/wp-content\/uploads\/2021\/09\/Expo-00-20210907_164331.jpg\",\"contentUrl\":\"https:\/\/arches-papers.com\/wp-content\/uploads\/2021\/09\/Expo-00-20210907_164331.jpg\",\"width\":1600,\"height\":900,\"caption\":\"Arches paper mill exhibition\"},{\"@type\":\"BreadcrumbList\",\"@id\":\"https:\/\/arches-papers.com\/fr\/une-exposition-dediee-au-moulin-a-papier-darches\/#breadcrumb\",\"itemListElement\":[{\"@type\":\"ListItem\",\"position\":1,\"name\":\"Accueil\",\"item\":\"https:\/\/arches-papers.com\/fr\/\"},{\"@type\":\"ListItem\",\"position\":2,\"name\":\"Une exposition d\u00e9di\u00e9e au Moulin \u00e0 papier d\u2019Arches\"}]},{\"@type\":\"WebSite\",\"@id\":\"https:\/\/arches-papers.com\/fr\/#website\",\"url\":\"https:\/\/arches-papers.com\/fr\/\",\"name\":\"Arches Papers\",\"description\":\"Fabricant de papier\",\"potentialAction\":[{\"@type\":\"SearchAction\",\"target\":{\"@type\":\"EntryPoint\",\"urlTemplate\":\"https:\/\/arches-papers.com\/fr\/?s={search_term_string}\"},\"query-input\":{\"@type\":\"PropertyValueSpecification\",\"valueRequired\":true,\"valueName\":\"search_term_string\"}}],\"inLanguage\":\"fr-FR\"},{\"@type\":\"Person\",\"@id\":\"https:\/\/arches-papers.com\/fr\/#\/schema\/person\/a7d908ec620cb78aac5020e0c7868bb6\",\"name\":\"Eliane\",\"image\":{\"@type\":\"ImageObject\",\"inLanguage\":\"fr-FR\",\"@id\":\"https:\/\/arches-papers.com\/fr\/#\/schema\/person\/image\/\",\"url\":\"https:\/\/secure.gravatar.com\/avatar\/32332ae486056bf40e0ee1b810d0d16a31919fc2e459e2ddfa9fcfc91ffad518?s=96&d=mm&r=g\",\"contentUrl\":\"https:\/\/secure.gravatar.com\/avatar\/32332ae486056bf40e0ee1b810d0d16a31919fc2e459e2ddfa9fcfc91ffad518?s=96&d=mm&r=g\",\"caption\":\"Eliane\"},\"url\":\"https:\/\/arches-papers.com\/fr\/author\/eliane\/\"}]}<\/script>\n<!-- \/ Yoast SEO plugin. -->","yoast_head_json":{"title":"Une exposition d\u00e9di\u00e9e au Moulin \u00e0 papier d\u2019Arches - Arches Papers","description":"La petite ville d\u2019Arches, organise en partenariat avec ARCHES\u00ae, une exposition d\u00e9di\u00e9e au Moulin \u00e0 papier d\u2019Arches dont l\u2019histoire est riche et longue.","robots":{"index":"index","follow":"follow","max-snippet":"max-snippet:-1","max-image-preview":"max-image-preview:large","max-video-preview":"max-video-preview:-1"},"canonical":"https:\/\/arches-papers.com\/fr\/une-exposition-dediee-au-moulin-a-papier-darches\/","og_locale":"fr_FR","og_type":"article","og_title":"Une exposition d\u00e9di\u00e9e au Moulin \u00e0 papier d\u2019Arches - Arches Papers","og_description":"La petite ville d\u2019Arches, organise en partenariat avec ARCHES\u00ae, une exposition d\u00e9di\u00e9e au Moulin \u00e0 papier d\u2019Arches dont l\u2019histoire est riche et longue.","og_url":"https:\/\/arches-papers.com\/fr\/une-exposition-dediee-au-moulin-a-papier-darches\/","og_site_name":"Arches Papers","article_published_time":"2021-09-24T10:37:26+00:00","og_image":[{"width":1600,"height":900,"url":"https:\/\/arches-papers.com\/wp-content\/uploads\/2021\/09\/Expo-00-20210907_164331.jpg","type":"image\/jpeg"}],"author":"Eliane","twitter_card":"summary_large_image","twitter_misc":{"\u00c9crit par":"Eliane","Dur\u00e9e de lecture estim\u00e9e":"1 minute"},"schema":{"@context":"https:\/\/schema.org","@graph":[{"@type":"Article","@id":"https:\/\/arches-papers.com\/fr\/une-exposition-dediee-au-moulin-a-papier-darches\/#article","isPartOf":{"@id":"https:\/\/arches-papers.com\/fr\/une-exposition-dediee-au-moulin-a-papier-darches\/"},"author":{"name":"Eliane","@id":"https:\/\/arches-papers.com\/fr\/#\/schema\/person\/a7d908ec620cb78aac5020e0c7868bb6"},"headline":"Une exposition d\u00e9di\u00e9e au Moulin \u00e0 papier d\u2019Arches","datePublished":"2021-09-24T10:37:26+00:00","mainEntityOfPage":{"@id":"https:\/\/arches-papers.com\/fr\/une-exposition-dediee-au-moulin-a-papier-darches\/"},"wordCount":216,"image":{"@id":"https:\/\/arches-papers.com\/fr\/une-exposition-dediee-au-moulin-a-papier-darches\/#primaryimage"},"thumbnailUrl":"https:\/\/arches-papers.com\/wp-content\/uploads\/2021\/09\/Expo-00-20210907_164331.jpg","articleSection":["actus"],"inLanguage":"fr-FR"},{"@type":"WebPage","@id":"https:\/\/arches-papers.com\/fr\/une-exposition-dediee-au-moulin-a-papier-darches\/","url":"https:\/\/arches-papers.com\/fr\/une-exposition-dediee-au-moulin-a-papier-darches\/","name":"Une exposition d\u00e9di\u00e9e au Moulin \u00e0 papier d\u2019Arches - Arches Papers","isPartOf":{"@id":"https:\/\/arches-papers.com\/fr\/#website"},"primaryImageOfPage":{"@id":"https:\/\/arches-papers.com\/fr\/une-exposition-dediee-au-moulin-a-papier-darches\/#primaryimage"},"image":{"@id":"https:\/\/arches-papers.com\/fr\/une-exposition-dediee-au-moulin-a-papier-darches\/#primaryimage"},"thumbnailUrl":"https:\/\/arches-papers.com\/wp-content\/uploads\/2021\/09\/Expo-00-20210907_164331.jpg","datePublished":"2021-09-24T10:37:26+00:00","author":{"@id":"https:\/\/arches-papers.com\/fr\/#\/schema\/person\/a7d908ec620cb78aac5020e0c7868bb6"},"description":"La petite ville d\u2019Arches, organise en partenariat avec ARCHES\u00ae, une exposition d\u00e9di\u00e9e au Moulin \u00e0 papier d\u2019Arches dont l\u2019histoire est riche et longue.","breadcrumb":{"@id":"https:\/\/arches-papers.com\/fr\/une-exposition-dediee-au-moulin-a-papier-darches\/#breadcrumb"},"inLanguage":"fr-FR","potentialAction":[{"@type":"ReadAction","target":["https:\/\/arches-papers.com\/fr\/une-exposition-dediee-au-moulin-a-papier-darches\/"]}]},{"@type":"ImageObject","inLanguage":"fr-FR","@id":"https:\/\/arches-papers.com\/fr\/une-exposition-dediee-au-moulin-a-papier-darches\/#primaryimage","url":"https:\/\/arches-papers.com\/wp-content\/uploads\/2021\/09\/Expo-00-20210907_164331.jpg","contentUrl":"https:\/\/arches-papers.com\/wp-content\/uploads\/2021\/09\/Expo-00-20210907_164331.jpg","width":1600,"height":900,"caption":"Arches paper mill exhibition"},{"@type":"BreadcrumbList","@id":"https:\/\/arches-papers.com\/fr\/une-exposition-dediee-au-moulin-a-papier-darches\/#breadcrumb","itemListElement":[{"@type":"ListItem","position":1,"name":"Accueil","item":"https:\/\/arches-papers.com\/fr\/"},{"@type":"ListItem","position":2,"name":"Une exposition d\u00e9di\u00e9e au Moulin \u00e0 papier d\u2019Arches"}]},{"@type":"WebSite","@id":"https:\/\/arches-papers.com\/fr\/#website","url":"https:\/\/arches-papers.com\/fr\/","name":"Arches Papers","description":"Fabricant de papier","potentialAction":[{"@type":"SearchAction","target":{"@type":"EntryPoint","urlTemplate":"https:\/\/arches-papers.com\/fr\/?s={search_term_string}"},"query-input":{"@type":"PropertyValueSpecification","valueRequired":true,"valueName":"search_term_string"}}],"inLanguage":"fr-FR"},{"@type":"Person","@id":"https:\/\/arches-papers.com\/fr\/#\/schema\/person\/a7d908ec620cb78aac5020e0c7868bb6","name":"Eliane","image":{"@type":"ImageObject","inLanguage":"fr-FR","@id":"https:\/\/arches-papers.com\/fr\/#\/schema\/person\/image\/","url":"https:\/\/secure.gravatar.com\/avatar\/32332ae486056bf40e0ee1b810d0d16a31919fc2e459e2ddfa9fcfc91ffad518?s=96&d=mm&r=g","contentUrl":"https:\/\/secure.gravatar.com\/avatar\/32332ae486056bf40e0ee1b810d0d16a31919fc2e459e2ddfa9fcfc91ffad518?s=96&d=mm&r=g","caption":"Eliane"},"url":"https:\/\/arches-papers.com\/fr\/author\/eliane\/"}]}},"_links":{"self":[{"href":"https:\/\/arches-papers.com\/fr\/wp-json\/wp\/v2\/posts\/34358","targetHints":{"allow":["GET"]}}],"collection":[{"href":"https:\/\/arches-papers.com\/fr\/wp-json\/wp\/v2\/posts"}],"about":[{"href":"https:\/\/arches-papers.com\/fr\/wp-json\/wp\/v2\/types\/post"}],"author":[{"embeddable":true,"href":"https:\/\/arches-papers.com\/fr\/wp-json\/wp\/v2\/users\/17"}],"replies":[{"embeddable":true,"href":"https:\/\/arches-papers.com\/fr\/wp-json\/wp\/v2\/comments?post=34358"}],"version-history":[{"count":0,"href":"https:\/\/arches-papers.com\/fr\/wp-json\/wp\/v2\/posts\/34358\/revisions"}],"wp:featuredmedia":[{"embeddable":true,"href":"https:\/\/arches-papers.com\/fr\/wp-json\/wp\/v2\/media\/34414"}],"wp:attachment":[{"href":"https:\/\/arches-papers.com\/fr\/wp-json\/wp\/v2\/media?parent=34358"}],"wp:term":[{"taxonomy":"category","embeddable":true,"href":"https:\/\/arches-papers.com\/fr\/wp-json\/wp\/v2\/categories?post=34358"},{"taxonomy":"post_tag","embeddable":true,"href":"https:\/\/arches-papers.com\/fr\/wp-json\/wp\/v2\/tags?post=34358"}],"curies":[{"name":"wp","href":"https:\/\/api.w.org\/{rel}","templated":true}]}}