{"id":35061,"date":"2021-11-15T14:28:20","date_gmt":"2021-11-15T13:28:20","guid":{"rendered":"https:\/\/arches-papers.com\/?p=35061"},"modified":"2021-11-15T14:33:44","modified_gmt":"2021-11-15T13:33:44","slug":"allegoria-omar-victor-diop-a-paris-photo-2021","status":"publish","type":"post","link":"https:\/\/arches-papers.com\/fr\/allegoria-omar-victor-diop-a-paris-photo-2021\/","title":{"rendered":"Allegoria d\u2019Omar Victor Diop \u00e0 Paris Photo 2021"},"content":{"rendered":"<div class=\"mp-row-fluid motopress-row mpce-dsbl-margin-left mpce-dsbl-margin-right\">\n<div class=\"motopress-clmn mp-span12  mpce-dsbl-margin-left mpce-dsbl-margin-right\">\n<div class=\"mp-row-fluid motopress-row mpce-dsbl-margin-left mpce-dsbl-margin-right\">\n<div class=\"motopress-clmn mp-span12 mpce-dsbl-margin-left mpce-dsbl-margin-right\">\n<div class=\"motopress-code-obj\">\n<p><strong>\u00c0\u00a0l\u2019occasion de la foire d\u2019art internationale\u00a0Paris Photo, qui a eu lieu du 11 au 14 novembre 2021 au Grand Palais \u00e9ph\u00e9m\u00e8re, la galerie\u00a0MAGNIN-A pr\u00e9sente Allegoria, la derni\u00e8re s\u00e9rie photographique d\u2019Omar Victor Diop.<\/strong><\/p>\n<p>Avec Allegoria, le photographe se saisit de la question fondamentale de l\u2019environnement et de sa port\u00e9e sur le continent africain et au-del\u00e0. Cette fable contemporaine\u00a0figure\u00a0l\u2019all\u00e9gorie d\u2019une humanit\u00e9 soucieuse d\u2019une nature qui pourrait n\u2019\u00eatre plus qu\u2019un souvenir des manuels d\u2019histoire naturelle ou des contes pour enfant.<\/p>\n<p>Tout comme pour ses s\u00e9ries Liberty et Diaspora, dans Allegoria Omar Victor Diop se met en sc\u00e8ne dans ses photographies.<\/p>\n<p><em>\u00ab\u00a0L\u2019autoportrait est une fa\u00e7on pour moi de m\u2019investir dans une cause, de soutenir et d\u00e9fendre une id\u00e9e. Et puis l\u2019autoportrait me permet une plus grande flexibilit\u00e9. Il me permet le d\u00e9doublement en tr\u00e8s grand nombre de ma personne, je me sens bien dans cet exercice tr\u00e8s ludique.\u00a0\u00bb<\/em><\/p>\n<p><img loading=\"lazy\" decoding=\"async\" class=\"size-full wp-image-35062 aligncenter\" src=\"https:\/\/arches-papers.com\/wp-content\/uploads\/2021\/11\/Omar-Victor-Diop-01.jpg\" alt=\"\" width=\"793\" height=\"1200\" srcset=\"https:\/\/arches-papers.com\/wp-content\/uploads\/2021\/11\/Omar-Victor-Diop-01.jpg 793w, https:\/\/arches-papers.com\/wp-content\/uploads\/2021\/11\/Omar-Victor-Diop-01-198x300.jpg 198w, https:\/\/arches-papers.com\/wp-content\/uploads\/2021\/11\/Omar-Victor-Diop-01-677x1024.jpg 677w\" sizes=\"auto, (max-width: 793px) 100vw, 793px\" \/><\/p>\n<p style=\"text-align: center;\"><span style=\"font-size: 14px;\"><em>Allegoria 1, 2021 &#8211; Impression jet d&#8217;encre pigmentaire sur papier ARCHES\u00ae 88 &#8211; \u00a9 Omar Victor Diop &#8211; Courtesy Galerie MAGNIN-A, Paris<\/em><\/span><\/p>\n<p><strong>Omar Victor Diop <\/strong><\/p>\n<p>A 41 ans, Omar Victor Diop est l\u2019un des photographes les plus prometteurs de sa g\u00e9n\u00e9ration. Artiste autodidacte, son \u0153uvre s\u2019inscrit directement dans l\u2019h\u00e9ritage de la photographie de studio africaine de Seydou Ke\u00efta, Mama Casset ou Malick Sidib\u00e9, un genre dont il a su s\u2019approprier les codes tout s\u2019en affranchissant. Laur\u00e9at des Rencontres de Bamako en 2011, Omar Victor Diop s\u2019est depuis illustr\u00e9 avec plusieurs s\u00e9ries marquantes pl\u00e9biscit\u00e9es dans le monde entier.<\/p>\n<p style=\"text-align: center;\"><span style=\"font-size: 14px;\"><em><img loading=\"lazy\" decoding=\"async\" class=\"alignnone size-full wp-image-35069\" src=\"https:\/\/arches-papers.com\/wp-content\/uploads\/2021\/11\/Omar-Victor-Diop-02.jpg\" alt=\"\" width=\"1200\" height=\"791\" srcset=\"https:\/\/arches-papers.com\/wp-content\/uploads\/2021\/11\/Omar-Victor-Diop-02.jpg 1200w, https:\/\/arches-papers.com\/wp-content\/uploads\/2021\/11\/Omar-Victor-Diop-02-300x198.jpg 300w, https:\/\/arches-papers.com\/wp-content\/uploads\/2021\/11\/Omar-Victor-Diop-02-1024x675.jpg 1024w\" sizes=\"auto, (max-width: 1200px) 100vw, 1200px\" \/><\/em><\/span><\/p>\n<p style=\"text-align: center;\"><span style=\"font-size: 14px;\"><em>Allegoria 6, 2021 &#8211; Impression jet d&#8217;encre pigmentaire sur papier ARCHES\u00ae 88 &#8211; \u00a9 Omar Victor Diop &#8211; Courtesy Galerie MAGNIN-A, Paris<\/em><\/span><\/p>\n<\/div>\n<\/div>\n<\/div>\n<div class=\"mp-row-fluid motopress-row mpce-prvt-35061-619225680e5fe mpce-dsbl-margin-left mpce-dsbl-margin-right\">\n<div class=\"motopress-clmn mp-span12 mpce-dsbl-margin-left mpce-dsbl-margin-right\">\n<div class=\"motopress-code-obj\">\n<p><em>\u00ab\u00a0Le jardin symbolique qui environne mon all\u00e9gorie ne connait pas de fronti\u00e8res, et peut tout aussi bien m\u00ealer des parties diff\u00e9rentes de la plan\u00e8te que des \u00e9l\u00e9ments ou des saisons contraires. Il appartient au spectateur de d\u00e9chiffrer le langage de l\u2019all\u00e9gorie, de saisir les codes, les valeurs et les sens que rev\u00eatent une abeille, un dodo ou un roseau. Qu\u2019\u00e9prouvez-vous en voyant une biche dans une ambiance portuaire, accompagn\u00e9e de mouettes, de coraux et de poissons\u00a0? Le d\u00e9r\u00e8glement climatique\u00a0? Un dialogue au sein de la faune\u00a0? Tout comme pour un texte proph\u00e9tique, le lecteur fait son interpr\u00e9tation\u00a0? J\u2019ai voulu donner une dignit\u00e9 religieuse \u00e7 mon all\u00e9gorie, un recueillement parfois apais\u00e9, tel saint Fran\u00e7ois d\u2019Assise veillant sur les esp\u00e8ces, parfois joueur, comme Orph\u00e9e enchantant la nature.\u00a0\u00bb<\/em> Omar Victor Diop<\/p>\n<\/div>\n<\/div>\n<\/div>\n<\/div>\n<\/div>\n<div class=\"mp-row-fluid motopress-row mpce-dsbl-margin-left mpce-dsbl-margin-right\">\n<div class=\"motopress-clmn mp-span12  mpce-dsbl-margin-left mpce-dsbl-margin-right  motopress-space\">\n<div class=\"motopress-space-obj mpce-dsbl-background-image-type mpce-dsbl-background-image mpce-dsbl-background-gradient mpce-dsbl-background-position mpce-dsbl-background-position-x mpce-dsbl-background-position-y mpce-dsbl-background-repeat mpce-dsbl-background-size mpce-dsbl-background-attachment mpce-dsbl-margin-left mpce-dsbl-margin-right mpce-dsbl-background-color mpce-dsbl-border-top-width mpce-dsbl-border-bottom-width mpce-dsbl-border-left-width mpce-dsbl-border-right-width mpce-dsbl-border-top-left-radius mpce-dsbl-border-top-right-radius mpce-dsbl-border-bottom-left-radius mpce-dsbl-border-bottom-right-radius mpce-dsbl-border-style mpce-dsbl-border-color mpce-dsbl-padding-left mpce-dsbl-padding-right mpce-dsbl-margin-top mpce-dsbl-margin-bottom mpce-dsbl-color\"  data-min-height=\"0\"><div><\/div><\/div>\n<\/div>\n<\/div>\n<div class=\"mp-row-fluid motopress-row mpce-dsbl-margin-left mpce-dsbl-margin-right\">\n<div class=\"motopress-clmn mp-span12  mpce-dsbl-margin-left mpce-dsbl-margin-right\">\n<div class=\"motopress-code-obj\">\n<p><strong>Le choix du papier <\/strong><\/p>\n<p>Omar Victor Diop a choisi d\u2019imprimer sa s\u00e9rie Allegoria sur le papier ARCHES\u00ae 88 destin\u00e9 \u00e0 l\u2019impression digitale. Quand on lui demande comment il choisit ses papiers, voici ce qu\u2019il r\u00e9pond\u00a0:<\/p>\n<p><em>\u00ab\u00a0La question que l\u2019on se pose en premier est celle du choix du papier. C\u2019est un choix qu\u2019il faudra assumer parce que tout le monde recevra le m\u00eame tirage, sur le m\u00eame papier, fait par les m\u00eames ateliers. Aussi le choix du papier est important pour sa long\u00e9vit\u00e9 et l\u2019interaction entre son grain et l\u2019image. Est-ce que l\u2019on veut un rendu lisse, un rendu mat ? Le papier est-il fragile ? Un doigt peut-il suffire \u00e0 le d\u00e9truire ? Le choix doit donc \u00eatre esth\u00e9tique mais aussi technique.\u00a0\u00bb<\/em><\/p>\n<p><img loading=\"lazy\" decoding=\"async\" class=\"alignnone size-full wp-image-35076 aligncenter\" src=\"https:\/\/arches-papers.com\/wp-content\/uploads\/2021\/11\/Omar-Victor-Diop-03.jpg\" alt=\"\" width=\"792\" height=\"1200\" srcset=\"https:\/\/arches-papers.com\/wp-content\/uploads\/2021\/11\/Omar-Victor-Diop-03.jpg 792w, https:\/\/arches-papers.com\/wp-content\/uploads\/2021\/11\/Omar-Victor-Diop-03-198x300.jpg 198w, https:\/\/arches-papers.com\/wp-content\/uploads\/2021\/11\/Omar-Victor-Diop-03-676x1024.jpg 676w\" sizes=\"auto, (max-width: 792px) 100vw, 792px\" \/><\/p>\n<p style=\"text-align: center;\"><span style=\"font-size: 14px;\"><em>Allegoria 11, 2021 &#8211; Impression jet d&#8217;encre pigmentaire sur papier ARCHES\u00ae 88 &#8211; \u00a9 Omar Victor Diop &#8211; Courtesy Galerie MAGNIN-A, Paris<\/em><\/span><\/p>\n<p style=\"text-align: center;\"><img loading=\"lazy\" decoding=\"async\" class=\"alignnone size-full wp-image-35083\" src=\"https:\/\/arches-papers.com\/wp-content\/uploads\/2021\/11\/Omar-Victor-Diop-04.jpg\" alt=\"\" width=\"792\" height=\"1200\" srcset=\"https:\/\/arches-papers.com\/wp-content\/uploads\/2021\/11\/Omar-Victor-Diop-04.jpg 792w, https:\/\/arches-papers.com\/wp-content\/uploads\/2021\/11\/Omar-Victor-Diop-04-198x300.jpg 198w, https:\/\/arches-papers.com\/wp-content\/uploads\/2021\/11\/Omar-Victor-Diop-04-676x1024.jpg 676w\" sizes=\"auto, (max-width: 792px) 100vw, 792px\" \/><\/p>\n<p style=\"text-align: center;\"><span style=\"font-size: 14px;\"><em>Allegoria 12, 2021 &#8211; Impression jet d&#8217;encre pigmentaire sur papier ARCHES\u00ae 88 &#8211; \u00a9 Omar Victor Diop &#8211; Courtesy Galerie MAGNIN-A, Paris<\/em><\/span><\/p>\n<p><strong>Un coffret en \u00e9dition limit\u00e9e <\/strong><\/p>\n<p>Les 100 premi\u00e8res \u00e9ditions de cet ouvrage seront sous forme d\u2019un coffret avec un tirage num\u00e9rot\u00e9 et sign\u00e9 qui sera gliss\u00e9 dans le coffret. La s\u00e9rie Allegoria compte 15 images. Le coffret en contient une 16\u00e8me uniquement destin\u00e9e au livre.<\/p>\n<p><a href=\"https:\/\/www.omarvictor.com\/\" target=\"_blank\" rel=\"noopener\">Omar Victor Diop Photographer Fine Art Fashion<\/a><\/p>\n<p><a href=\"https:\/\/www.parisphoto.com\/\" target=\"_blank\" rel=\"noopener\">Foire internationale de photographie contemporaine, 11-14 novembre 2021, Paris (parisphoto.com)<\/a><\/p>\n<\/div>\n<\/div>\n<\/div>\n<div class=\"mp-row-fluid motopress-row mpce-dsbl-margin-left mpce-dsbl-margin-right\">\n<div class=\"motopress-clmn mp-span12  mpce-dsbl-margin-left mpce-dsbl-margin-right  motopress-space\">\n<div class=\"motopress-space-obj mpce-dsbl-background-image-type mpce-dsbl-background-image mpce-dsbl-background-gradient mpce-dsbl-background-position mpce-dsbl-background-position-x mpce-dsbl-background-position-y mpce-dsbl-background-repeat mpce-dsbl-background-size mpce-dsbl-background-attachment mpce-dsbl-margin-left mpce-dsbl-margin-right mpce-dsbl-background-color mpce-dsbl-border-top-width mpce-dsbl-border-bottom-width mpce-dsbl-border-left-width mpce-dsbl-border-right-width mpce-dsbl-border-top-left-radius mpce-dsbl-border-top-right-radius mpce-dsbl-border-bottom-left-radius mpce-dsbl-border-bottom-right-radius mpce-dsbl-border-style mpce-dsbl-border-color mpce-dsbl-padding-left mpce-dsbl-padding-right mpce-dsbl-margin-top mpce-dsbl-margin-bottom mpce-dsbl-color\"  style=\"min-height: 32px;\" data-min-height=\"32\"><div><\/div><\/div>\n<\/div>\n<\/div>\n","protected":false},"excerpt":{"rendered":"\u00c0 l\u2019occasion de la foire d\u2019art internationale Paris Photo, qui a lieu du 11 au 14 novembre 2021 au Grand Palais \u00e9ph\u00e9m\u00e8re, la galerie MAGNIN-A pr\u00e9sente Allegoria, la derni\u00e8re s\u00e9rie photographique d\u2019Omar Victor Diop.","protected":false},"author":17,"featured_media":35092,"comment_status":"closed","ping_status":"closed","sticky":false,"template":"","format":"standard","meta":{"footnotes":""},"categories":[5],"tags":[214,425,369,451,376,200],"class_list":["post-35061","post","type-post","status-publish","format-standard","has-post-thumbnail","hentry","category-actus","tag-arches","tag-arches-paper-fr-2","tag-arches-paper","tag-art-fr-2","tag-art","tag-dessin"],"yoast_head":"<!-- This site is optimized with the Yoast SEO plugin v27.1.1 - https:\/\/yoast.com\/product\/yoast-seo-wordpress\/ -->\n<title>Allegoria d\u2019Omar Victor Diop \u00e0 Paris Photo 2021 - Arches Papers<\/title>\n<meta name=\"description\" content=\"\u00c0\u00a0l\u2019occasion de la foire d\u2019art internationale\u00a0Paris Photo 2021, la galerie\u00a0MAGNIN-A pr\u00e9sente Allegoria, la derni\u00e8re s\u00e9rie photographique d\u2019Omar Victor Diop.\" \/>\n<meta name=\"robots\" content=\"index, follow, max-snippet:-1, max-image-preview:large, max-video-preview:-1\" \/>\n<link rel=\"canonical\" href=\"https:\/\/arches-papers.com\/fr\/allegoria-omar-victor-diop-a-paris-photo-2021\/\" \/>\n<meta property=\"og:locale\" content=\"fr_FR\" \/>\n<meta property=\"og:type\" content=\"article\" \/>\n<meta property=\"og:title\" content=\"Allegoria d\u2019Omar Victor Diop \u00e0 Paris Photo 2021 - Arches Papers\" \/>\n<meta property=\"og:description\" content=\"\u00c0\u00a0l\u2019occasion de la foire d\u2019art internationale\u00a0Paris Photo 2021, la galerie\u00a0MAGNIN-A pr\u00e9sente Allegoria, la derni\u00e8re s\u00e9rie photographique d\u2019Omar Victor Diop.\" \/>\n<meta property=\"og:url\" content=\"https:\/\/arches-papers.com\/fr\/allegoria-omar-victor-diop-a-paris-photo-2021\/\" \/>\n<meta property=\"og:site_name\" content=\"Arches Papers\" \/>\n<meta property=\"article:published_time\" content=\"2021-11-15T13:28:20+00:00\" \/>\n<meta property=\"article:modified_time\" content=\"2021-11-15T13:33:44+00:00\" \/>\n<meta property=\"og:image\" content=\"https:\/\/arches-papers.com\/wp-content\/uploads\/2021\/11\/Omar-Victor-Diop-bandeau.jpg\" \/>\n\t<meta property=\"og:image:width\" content=\"1400\" \/>\n\t<meta property=\"og:image:height\" content=\"924\" \/>\n\t<meta property=\"og:image:type\" content=\"image\/jpeg\" \/>\n<meta name=\"author\" content=\"Eliane\" \/>\n<meta name=\"twitter:card\" content=\"summary_large_image\" \/>\n<meta name=\"twitter:label1\" content=\"\u00c9crit par\" \/>\n\t<meta name=\"twitter:data1\" content=\"Eliane\" \/>\n\t<meta name=\"twitter:label2\" content=\"Dur\u00e9e de lecture estim\u00e9e\" \/>\n\t<meta name=\"twitter:data2\" content=\"3 minutes\" \/>\n<script type=\"application\/ld+json\" class=\"yoast-schema-graph\">{\"@context\":\"https:\/\/schema.org\",\"@graph\":[{\"@type\":\"Article\",\"@id\":\"https:\/\/arches-papers.com\/fr\/allegoria-omar-victor-diop-a-paris-photo-2021\/#article\",\"isPartOf\":{\"@id\":\"https:\/\/arches-papers.com\/fr\/allegoria-omar-victor-diop-a-paris-photo-2021\/\"},\"author\":{\"name\":\"Eliane\",\"@id\":\"https:\/\/arches-papers.com\/fr\/#\/schema\/person\/a7d908ec620cb78aac5020e0c7868bb6\"},\"headline\":\"Allegoria d\u2019Omar Victor Diop \u00e0 Paris Photo 2021\",\"datePublished\":\"2021-11-15T13:28:20+00:00\",\"dateModified\":\"2021-11-15T13:33:44+00:00\",\"mainEntityOfPage\":{\"@id\":\"https:\/\/arches-papers.com\/fr\/allegoria-omar-victor-diop-a-paris-photo-2021\/\"},\"wordCount\":692,\"image\":{\"@id\":\"https:\/\/arches-papers.com\/fr\/allegoria-omar-victor-diop-a-paris-photo-2021\/#primaryimage\"},\"thumbnailUrl\":\"https:\/\/arches-papers.com\/wp-content\/uploads\/2021\/11\/Omar-Victor-Diop-bandeau.jpg\",\"keywords\":[\"Arches\",\"ARCHES paper\",\"ARCHES paper\",\"art\",\"art\",\"Dessin\"],\"articleSection\":[\"actus\"],\"inLanguage\":\"fr-FR\"},{\"@type\":\"WebPage\",\"@id\":\"https:\/\/arches-papers.com\/fr\/allegoria-omar-victor-diop-a-paris-photo-2021\/\",\"url\":\"https:\/\/arches-papers.com\/fr\/allegoria-omar-victor-diop-a-paris-photo-2021\/\",\"name\":\"Allegoria d\u2019Omar Victor Diop \u00e0 Paris Photo 2021 - Arches Papers\",\"isPartOf\":{\"@id\":\"https:\/\/arches-papers.com\/fr\/#website\"},\"primaryImageOfPage\":{\"@id\":\"https:\/\/arches-papers.com\/fr\/allegoria-omar-victor-diop-a-paris-photo-2021\/#primaryimage\"},\"image\":{\"@id\":\"https:\/\/arches-papers.com\/fr\/allegoria-omar-victor-diop-a-paris-photo-2021\/#primaryimage\"},\"thumbnailUrl\":\"https:\/\/arches-papers.com\/wp-content\/uploads\/2021\/11\/Omar-Victor-Diop-bandeau.jpg\",\"datePublished\":\"2021-11-15T13:28:20+00:00\",\"dateModified\":\"2021-11-15T13:33:44+00:00\",\"author\":{\"@id\":\"https:\/\/arches-papers.com\/fr\/#\/schema\/person\/a7d908ec620cb78aac5020e0c7868bb6\"},\"description\":\"\u00c0\u00a0l\u2019occasion de la foire d\u2019art internationale\u00a0Paris Photo 2021, la galerie\u00a0MAGNIN-A pr\u00e9sente Allegoria, la derni\u00e8re s\u00e9rie photographique d\u2019Omar Victor Diop.\",\"breadcrumb\":{\"@id\":\"https:\/\/arches-papers.com\/fr\/allegoria-omar-victor-diop-a-paris-photo-2021\/#breadcrumb\"},\"inLanguage\":\"fr-FR\",\"potentialAction\":[{\"@type\":\"ReadAction\",\"target\":[\"https:\/\/arches-papers.com\/fr\/allegoria-omar-victor-diop-a-paris-photo-2021\/\"]}]},{\"@type\":\"ImageObject\",\"inLanguage\":\"fr-FR\",\"@id\":\"https:\/\/arches-papers.com\/fr\/allegoria-omar-victor-diop-a-paris-photo-2021\/#primaryimage\",\"url\":\"https:\/\/arches-papers.com\/wp-content\/uploads\/2021\/11\/Omar-Victor-Diop-bandeau.jpg\",\"contentUrl\":\"https:\/\/arches-papers.com\/wp-content\/uploads\/2021\/11\/Omar-Victor-Diop-bandeau.jpg\",\"width\":1400,\"height\":924},{\"@type\":\"BreadcrumbList\",\"@id\":\"https:\/\/arches-papers.com\/fr\/allegoria-omar-victor-diop-a-paris-photo-2021\/#breadcrumb\",\"itemListElement\":[{\"@type\":\"ListItem\",\"position\":1,\"name\":\"Accueil\",\"item\":\"https:\/\/arches-papers.com\/fr\/\"},{\"@type\":\"ListItem\",\"position\":2,\"name\":\"Allegoria d\u2019Omar Victor Diop \u00e0 Paris Photo 2021\"}]},{\"@type\":\"WebSite\",\"@id\":\"https:\/\/arches-papers.com\/fr\/#website\",\"url\":\"https:\/\/arches-papers.com\/fr\/\",\"name\":\"Arches Papers\",\"description\":\"Fabricant de papier\",\"potentialAction\":[{\"@type\":\"SearchAction\",\"target\":{\"@type\":\"EntryPoint\",\"urlTemplate\":\"https:\/\/arches-papers.com\/fr\/?s={search_term_string}\"},\"query-input\":{\"@type\":\"PropertyValueSpecification\",\"valueRequired\":true,\"valueName\":\"search_term_string\"}}],\"inLanguage\":\"fr-FR\"},{\"@type\":\"Person\",\"@id\":\"https:\/\/arches-papers.com\/fr\/#\/schema\/person\/a7d908ec620cb78aac5020e0c7868bb6\",\"name\":\"Eliane\",\"image\":{\"@type\":\"ImageObject\",\"inLanguage\":\"fr-FR\",\"@id\":\"https:\/\/arches-papers.com\/fr\/#\/schema\/person\/image\/\",\"url\":\"https:\/\/secure.gravatar.com\/avatar\/32332ae486056bf40e0ee1b810d0d16a31919fc2e459e2ddfa9fcfc91ffad518?s=96&d=mm&r=g\",\"contentUrl\":\"https:\/\/secure.gravatar.com\/avatar\/32332ae486056bf40e0ee1b810d0d16a31919fc2e459e2ddfa9fcfc91ffad518?s=96&d=mm&r=g\",\"caption\":\"Eliane\"},\"url\":\"https:\/\/arches-papers.com\/fr\/author\/eliane\/\"}]}<\/script>\n<!-- \/ Yoast SEO plugin. -->","yoast_head_json":{"title":"Allegoria d\u2019Omar Victor Diop \u00e0 Paris Photo 2021 - Arches Papers","description":"\u00c0\u00a0l\u2019occasion de la foire d\u2019art internationale\u00a0Paris Photo 2021, la galerie\u00a0MAGNIN-A pr\u00e9sente Allegoria, la derni\u00e8re s\u00e9rie photographique d\u2019Omar Victor Diop.","robots":{"index":"index","follow":"follow","max-snippet":"max-snippet:-1","max-image-preview":"max-image-preview:large","max-video-preview":"max-video-preview:-1"},"canonical":"https:\/\/arches-papers.com\/fr\/allegoria-omar-victor-diop-a-paris-photo-2021\/","og_locale":"fr_FR","og_type":"article","og_title":"Allegoria d\u2019Omar Victor Diop \u00e0 Paris Photo 2021 - Arches Papers","og_description":"\u00c0\u00a0l\u2019occasion de la foire d\u2019art internationale\u00a0Paris Photo 2021, la galerie\u00a0MAGNIN-A pr\u00e9sente Allegoria, la derni\u00e8re s\u00e9rie photographique d\u2019Omar Victor Diop.","og_url":"https:\/\/arches-papers.com\/fr\/allegoria-omar-victor-diop-a-paris-photo-2021\/","og_site_name":"Arches Papers","article_published_time":"2021-11-15T13:28:20+00:00","article_modified_time":"2021-11-15T13:33:44+00:00","og_image":[{"width":1400,"height":924,"url":"https:\/\/arches-papers.com\/wp-content\/uploads\/2021\/11\/Omar-Victor-Diop-bandeau.jpg","type":"image\/jpeg"}],"author":"Eliane","twitter_card":"summary_large_image","twitter_misc":{"\u00c9crit par":"Eliane","Dur\u00e9e de lecture estim\u00e9e":"3 minutes"},"schema":{"@context":"https:\/\/schema.org","@graph":[{"@type":"Article","@id":"https:\/\/arches-papers.com\/fr\/allegoria-omar-victor-diop-a-paris-photo-2021\/#article","isPartOf":{"@id":"https:\/\/arches-papers.com\/fr\/allegoria-omar-victor-diop-a-paris-photo-2021\/"},"author":{"name":"Eliane","@id":"https:\/\/arches-papers.com\/fr\/#\/schema\/person\/a7d908ec620cb78aac5020e0c7868bb6"},"headline":"Allegoria d\u2019Omar Victor Diop \u00e0 Paris Photo 2021","datePublished":"2021-11-15T13:28:20+00:00","dateModified":"2021-11-15T13:33:44+00:00","mainEntityOfPage":{"@id":"https:\/\/arches-papers.com\/fr\/allegoria-omar-victor-diop-a-paris-photo-2021\/"},"wordCount":692,"image":{"@id":"https:\/\/arches-papers.com\/fr\/allegoria-omar-victor-diop-a-paris-photo-2021\/#primaryimage"},"thumbnailUrl":"https:\/\/arches-papers.com\/wp-content\/uploads\/2021\/11\/Omar-Victor-Diop-bandeau.jpg","keywords":["Arches","ARCHES paper","ARCHES paper","art","art","Dessin"],"articleSection":["actus"],"inLanguage":"fr-FR"},{"@type":"WebPage","@id":"https:\/\/arches-papers.com\/fr\/allegoria-omar-victor-diop-a-paris-photo-2021\/","url":"https:\/\/arches-papers.com\/fr\/allegoria-omar-victor-diop-a-paris-photo-2021\/","name":"Allegoria d\u2019Omar Victor Diop \u00e0 Paris Photo 2021 - Arches Papers","isPartOf":{"@id":"https:\/\/arches-papers.com\/fr\/#website"},"primaryImageOfPage":{"@id":"https:\/\/arches-papers.com\/fr\/allegoria-omar-victor-diop-a-paris-photo-2021\/#primaryimage"},"image":{"@id":"https:\/\/arches-papers.com\/fr\/allegoria-omar-victor-diop-a-paris-photo-2021\/#primaryimage"},"thumbnailUrl":"https:\/\/arches-papers.com\/wp-content\/uploads\/2021\/11\/Omar-Victor-Diop-bandeau.jpg","datePublished":"2021-11-15T13:28:20+00:00","dateModified":"2021-11-15T13:33:44+00:00","author":{"@id":"https:\/\/arches-papers.com\/fr\/#\/schema\/person\/a7d908ec620cb78aac5020e0c7868bb6"},"description":"\u00c0\u00a0l\u2019occasion de la foire d\u2019art internationale\u00a0Paris Photo 2021, la galerie\u00a0MAGNIN-A pr\u00e9sente Allegoria, la derni\u00e8re s\u00e9rie photographique d\u2019Omar Victor Diop.","breadcrumb":{"@id":"https:\/\/arches-papers.com\/fr\/allegoria-omar-victor-diop-a-paris-photo-2021\/#breadcrumb"},"inLanguage":"fr-FR","potentialAction":[{"@type":"ReadAction","target":["https:\/\/arches-papers.com\/fr\/allegoria-omar-victor-diop-a-paris-photo-2021\/"]}]},{"@type":"ImageObject","inLanguage":"fr-FR","@id":"https:\/\/arches-papers.com\/fr\/allegoria-omar-victor-diop-a-paris-photo-2021\/#primaryimage","url":"https:\/\/arches-papers.com\/wp-content\/uploads\/2021\/11\/Omar-Victor-Diop-bandeau.jpg","contentUrl":"https:\/\/arches-papers.com\/wp-content\/uploads\/2021\/11\/Omar-Victor-Diop-bandeau.jpg","width":1400,"height":924},{"@type":"BreadcrumbList","@id":"https:\/\/arches-papers.com\/fr\/allegoria-omar-victor-diop-a-paris-photo-2021\/#breadcrumb","itemListElement":[{"@type":"ListItem","position":1,"name":"Accueil","item":"https:\/\/arches-papers.com\/fr\/"},{"@type":"ListItem","position":2,"name":"Allegoria d\u2019Omar Victor Diop \u00e0 Paris Photo 2021"}]},{"@type":"WebSite","@id":"https:\/\/arches-papers.com\/fr\/#website","url":"https:\/\/arches-papers.com\/fr\/","name":"Arches Papers","description":"Fabricant de papier","potentialAction":[{"@type":"SearchAction","target":{"@type":"EntryPoint","urlTemplate":"https:\/\/arches-papers.com\/fr\/?s={search_term_string}"},"query-input":{"@type":"PropertyValueSpecification","valueRequired":true,"valueName":"search_term_string"}}],"inLanguage":"fr-FR"},{"@type":"Person","@id":"https:\/\/arches-papers.com\/fr\/#\/schema\/person\/a7d908ec620cb78aac5020e0c7868bb6","name":"Eliane","image":{"@type":"ImageObject","inLanguage":"fr-FR","@id":"https:\/\/arches-papers.com\/fr\/#\/schema\/person\/image\/","url":"https:\/\/secure.gravatar.com\/avatar\/32332ae486056bf40e0ee1b810d0d16a31919fc2e459e2ddfa9fcfc91ffad518?s=96&d=mm&r=g","contentUrl":"https:\/\/secure.gravatar.com\/avatar\/32332ae486056bf40e0ee1b810d0d16a31919fc2e459e2ddfa9fcfc91ffad518?s=96&d=mm&r=g","caption":"Eliane"},"url":"https:\/\/arches-papers.com\/fr\/author\/eliane\/"}]}},"_links":{"self":[{"href":"https:\/\/arches-papers.com\/fr\/wp-json\/wp\/v2\/posts\/35061","targetHints":{"allow":["GET"]}}],"collection":[{"href":"https:\/\/arches-papers.com\/fr\/wp-json\/wp\/v2\/posts"}],"about":[{"href":"https:\/\/arches-papers.com\/fr\/wp-json\/wp\/v2\/types\/post"}],"author":[{"embeddable":true,"href":"https:\/\/arches-papers.com\/fr\/wp-json\/wp\/v2\/users\/17"}],"replies":[{"embeddable":true,"href":"https:\/\/arches-papers.com\/fr\/wp-json\/wp\/v2\/comments?post=35061"}],"version-history":[{"count":0,"href":"https:\/\/arches-papers.com\/fr\/wp-json\/wp\/v2\/posts\/35061\/revisions"}],"wp:featuredmedia":[{"embeddable":true,"href":"https:\/\/arches-papers.com\/fr\/wp-json\/wp\/v2\/media\/35092"}],"wp:attachment":[{"href":"https:\/\/arches-papers.com\/fr\/wp-json\/wp\/v2\/media?parent=35061"}],"wp:term":[{"taxonomy":"category","embeddable":true,"href":"https:\/\/arches-papers.com\/fr\/wp-json\/wp\/v2\/categories?post=35061"},{"taxonomy":"post_tag","embeddable":true,"href":"https:\/\/arches-papers.com\/fr\/wp-json\/wp\/v2\/tags?post=35061"}],"curies":[{"name":"wp","href":"https:\/\/api.w.org\/{rel}","templated":true}]}}