{"id":39132,"date":"2022-09-21T17:34:17","date_gmt":"2022-09-21T15:34:17","guid":{"rendered":"https:\/\/arches-papers.com\/?p=39132"},"modified":"2022-09-21T18:00:18","modified_gmt":"2022-09-21T16:00:18","slug":"festival-storie-ad-acquerello-de-bergame","status":"publish","type":"post","link":"https:\/\/arches-papers.com\/fr\/festival-storie-ad-acquerello-de-bergame\/","title":{"rendered":"Festival Storie ad Acquerello de Bergame"},"content":{"rendered":"<div class=\"wpb-content-wrapper\"><p>[vc_row][vc_column][vc_column_text]<strong>Du 24 au 26 septembre prochain, Bergame accueillera la deuxi\u00e8me \u00e9dition du Festival Storie ad Acquerello. C\u2019est le premier festival italien d\u00e9di\u00e9 \u00e0 la technique de l\u2019aquarelle. L&#8217;\u00e9v\u00e9nement a \u00e9t\u00e9 cr\u00e9\u00e9 et con\u00e7u par Laura Cortinovis, illustratrice bien connue de Bergame et auteure ind\u00e9pendante de livres pour enfants.<\/strong><\/p>\n<p>25 artistes professionnels du monde de l&#8217;illustration et de l&#8217;aquarelle participent \u00e0 l\u2019\u00e9v\u00e9nement avec un programme complet de rencontres, d&#8217;expositions, d&#8217;ateliers et de d\u00e9monstrations. Certains des endroits les plus \u00e9tonnants de Bergame tels que Seminarino, Circolino Citt\u00e0 Alta, Th\u00e9\u00e2tre Sant&#8217;Andrea ainsi que le si\u00e8ge de SpazioCam, accueilleront la manifestation.<br \/>\nPour cette \u00e9dition 2022, la premi\u00e8re journ\u00e9e du festival sera consacr\u00e9e aux rencontres avec les \u00e9tudiants des \u00e9coles d&#8217;art.<\/p>\n<p>ARCHES\u00ae, au sein du Groupe F.I.L.A. (Fabbrica Italiana Lapis ed Affini), est partenaire de ce Festival.[\/vc_column_text][vc_column_text]<a href=\"https:\/\/arches-papers.com\/fr\/la-gamme-papiers-arches\/papiers-arches-pour-aquarelle-et-les-techniques-humides\/papier-arches-aquarelle\/\">ARCHES Aquarelle &#8211; Arches Papers<\/a>[\/vc_column_text][vc_column_text css=&#8221;.vc_custom_1663770821361{margin-top: 30px !important;margin-bottom: 30px !important;border-top-width: 1px !important;border-right-width: 1px !important;border-bottom-width: 1px !important;border-left-width: 1px !important;padding-top: 25px !important;padding-right: 25px !important;padding-bottom: 25px !important;padding-left: 25px !important;background-color: #e5f0ff !important;border-left-color: #c1d8ff !important;border-left-style: solid !important;border-right-color: #c1d8ff !important;border-right-style: solid !important;border-top-color: #c1d8ff !important;border-top-style: solid !important;border-bottom-color: #c1d8ff !important;border-bottom-style: solid !important;}&#8221;]<em><span style=\"font-size: 21px; font-family: 'times new roman', times, serif;\">&#8220;En tant qu&#8217;outil de narration dans les mains de l&#8217;artiste, l&#8217;aquarelle permet raconter des histoires \u00e0 travers des jeux d&#8217;eau et de couleur. Un geste simple qui produit des images capables de capturer la fantaisie et les mondes r\u00e9els, abstraits et concrets. La l\u00e9g\u00e8ret\u00e9 du trait, les nuances de couleur et les transparences sont transform\u00e9e en \u00e9motion pour l&#8217;observateur. L\u2019illustration ouvre la porte vers des mondes merveilleux.&#8221; &#8211; Laure Cortinovis<\/span><\/em>[\/vc_column_text][vc_column_text]Informations, programme et plan : <a href=\"http:\/\/www.storieadacquerello.it\/\">www.storieadacquerello.it<\/a>[\/vc_column_text][\/vc_column][\/vc_row][vc_row][vc_column][vc_empty_space][\/vc_column][\/vc_row]<\/p>\n<\/div>","protected":false},"excerpt":{"rendered":"Du 24 au 26 septembre prochain, Bergame accueillera la deuxi\u00e8me \u00e9dition du Festival Storie ad Acquerello. C\u2019est le premier festival italien d\u00e9di\u00e9 \u00e0 la technique de l\u2019aquarelle. L&#8217;\u00e9v\u00e9nement a \u00e9t\u00e9 cr\u00e9\u00e9 et con\u00e7u par Laura Cortinovis, illustratrice bien connue de Bergame et auteure ind\u00e9pendante de livres pour enfants.","protected":false},"author":17,"featured_media":39108,"comment_status":"closed","ping_status":"closed","sticky":false,"template":"","format":"standard","meta":{"footnotes":""},"categories":[461],"tags":[],"class_list":["post-39132","post","type-post","status-publish","format-standard","has-post-thumbnail","hentry","category-non-classifiee-fr"],"yoast_head":"<!-- This site is optimized with the Yoast SEO plugin v27.1.1 - https:\/\/yoast.com\/product\/yoast-seo-wordpress\/ -->\n<title>Festival Storie ad Acquerello de Bergame - Arches Papers<\/title>\n<meta name=\"description\" content=\"Du 24 au 26 septembre prochain, Bergame accueillera la deuxi\u00e8me \u00e9dition du Festival Storie ad Acquerello. C\u2019est le premier festival italien d\u00e9di\u00e9 \u00e0 la technique de l\u2019aquarelle. L&#039;\u00e9v\u00e9nement a \u00e9t\u00e9 cr\u00e9\u00e9 et con\u00e7u par Laura Cortinovis, illustratrice bien connue de Bergame et auteure ind\u00e9pendante de livres pour enfants.\" \/>\n<meta name=\"robots\" content=\"index, follow, max-snippet:-1, max-image-preview:large, max-video-preview:-1\" \/>\n<link rel=\"canonical\" href=\"https:\/\/arches-papers.com\/fr\/festival-storie-ad-acquerello-de-bergame\/\" \/>\n<meta property=\"og:locale\" content=\"fr_FR\" \/>\n<meta property=\"og:type\" content=\"article\" \/>\n<meta property=\"og:title\" content=\"Festival Storie ad Acquerello de Bergame - Arches Papers\" \/>\n<meta property=\"og:description\" content=\"Du 24 au 26 septembre prochain, Bergame accueillera la deuxi\u00e8me \u00e9dition du Festival Storie ad Acquerello. C\u2019est le premier festival italien d\u00e9di\u00e9 \u00e0 la technique de l\u2019aquarelle. L&#039;\u00e9v\u00e9nement a \u00e9t\u00e9 cr\u00e9\u00e9 et con\u00e7u par Laura Cortinovis, illustratrice bien connue de Bergame et auteure ind\u00e9pendante de livres pour enfants.\" \/>\n<meta property=\"og:url\" content=\"https:\/\/arches-papers.com\/fr\/festival-storie-ad-acquerello-de-bergame\/\" \/>\n<meta property=\"og:site_name\" content=\"Arches Papers\" \/>\n<meta property=\"article:published_time\" content=\"2022-09-21T15:34:17+00:00\" \/>\n<meta property=\"article:modified_time\" content=\"2022-09-21T16:00:18+00:00\" \/>\n<meta property=\"og:image\" content=\"https:\/\/arches-papers.com\/wp-content\/uploads\/2022\/09\/ultima_versioneLOGO-con-sfondopicc-1.jpg\" \/>\n\t<meta property=\"og:image:width\" content=\"2300\" \/>\n\t<meta property=\"og:image:height\" content=\"878\" \/>\n\t<meta property=\"og:image:type\" content=\"image\/jpeg\" \/>\n<meta name=\"author\" content=\"Eliane\" \/>\n<meta name=\"twitter:card\" content=\"summary_large_image\" \/>\n<meta name=\"twitter:label1\" content=\"\u00c9crit par\" \/>\n\t<meta name=\"twitter:data1\" content=\"Eliane\" \/>\n\t<meta name=\"twitter:label2\" content=\"Dur\u00e9e de lecture estim\u00e9e\" \/>\n\t<meta name=\"twitter:data2\" content=\"2 minutes\" \/>\n<script type=\"application\/ld+json\" class=\"yoast-schema-graph\">{\"@context\":\"https:\/\/schema.org\",\"@graph\":[{\"@type\":\"Article\",\"@id\":\"https:\/\/arches-papers.com\/fr\/festival-storie-ad-acquerello-de-bergame\/#article\",\"isPartOf\":{\"@id\":\"https:\/\/arches-papers.com\/fr\/festival-storie-ad-acquerello-de-bergame\/\"},\"author\":{\"name\":\"Eliane\",\"@id\":\"https:\/\/arches-papers.com\/fr\/#\/schema\/person\/a7d908ec620cb78aac5020e0c7868bb6\"},\"headline\":\"Festival Storie ad Acquerello de Bergame\",\"datePublished\":\"2022-09-21T15:34:17+00:00\",\"dateModified\":\"2022-09-21T16:00:18+00:00\",\"mainEntityOfPage\":{\"@id\":\"https:\/\/arches-papers.com\/fr\/festival-storie-ad-acquerello-de-bergame\/\"},\"wordCount\":361,\"image\":{\"@id\":\"https:\/\/arches-papers.com\/fr\/festival-storie-ad-acquerello-de-bergame\/#primaryimage\"},\"thumbnailUrl\":\"https:\/\/arches-papers.com\/wp-content\/uploads\/2022\/09\/ultima_versioneLOGO-con-sfondopicc-1.jpg\",\"articleSection\":[\"Non classifi\u00e9(e)\"],\"inLanguage\":\"fr-FR\"},{\"@type\":\"WebPage\",\"@id\":\"https:\/\/arches-papers.com\/fr\/festival-storie-ad-acquerello-de-bergame\/\",\"url\":\"https:\/\/arches-papers.com\/fr\/festival-storie-ad-acquerello-de-bergame\/\",\"name\":\"Festival Storie ad Acquerello de Bergame - Arches Papers\",\"isPartOf\":{\"@id\":\"https:\/\/arches-papers.com\/fr\/#website\"},\"primaryImageOfPage\":{\"@id\":\"https:\/\/arches-papers.com\/fr\/festival-storie-ad-acquerello-de-bergame\/#primaryimage\"},\"image\":{\"@id\":\"https:\/\/arches-papers.com\/fr\/festival-storie-ad-acquerello-de-bergame\/#primaryimage\"},\"thumbnailUrl\":\"https:\/\/arches-papers.com\/wp-content\/uploads\/2022\/09\/ultima_versioneLOGO-con-sfondopicc-1.jpg\",\"datePublished\":\"2022-09-21T15:34:17+00:00\",\"dateModified\":\"2022-09-21T16:00:18+00:00\",\"author\":{\"@id\":\"https:\/\/arches-papers.com\/fr\/#\/schema\/person\/a7d908ec620cb78aac5020e0c7868bb6\"},\"description\":\"Du 24 au 26 septembre prochain, Bergame accueillera la deuxi\u00e8me \u00e9dition du Festival Storie ad Acquerello. C\u2019est le premier festival italien d\u00e9di\u00e9 \u00e0 la technique de l\u2019aquarelle. L'\u00e9v\u00e9nement a \u00e9t\u00e9 cr\u00e9\u00e9 et con\u00e7u par Laura Cortinovis, illustratrice bien connue de Bergame et auteure ind\u00e9pendante de livres pour enfants.\",\"breadcrumb\":{\"@id\":\"https:\/\/arches-papers.com\/fr\/festival-storie-ad-acquerello-de-bergame\/#breadcrumb\"},\"inLanguage\":\"fr-FR\",\"potentialAction\":[{\"@type\":\"ReadAction\",\"target\":[\"https:\/\/arches-papers.com\/fr\/festival-storie-ad-acquerello-de-bergame\/\"]}]},{\"@type\":\"ImageObject\",\"inLanguage\":\"fr-FR\",\"@id\":\"https:\/\/arches-papers.com\/fr\/festival-storie-ad-acquerello-de-bergame\/#primaryimage\",\"url\":\"https:\/\/arches-papers.com\/wp-content\/uploads\/2022\/09\/ultima_versioneLOGO-con-sfondopicc-1.jpg\",\"contentUrl\":\"https:\/\/arches-papers.com\/wp-content\/uploads\/2022\/09\/ultima_versioneLOGO-con-sfondopicc-1.jpg\",\"width\":2300,\"height\":878},{\"@type\":\"BreadcrumbList\",\"@id\":\"https:\/\/arches-papers.com\/fr\/festival-storie-ad-acquerello-de-bergame\/#breadcrumb\",\"itemListElement\":[{\"@type\":\"ListItem\",\"position\":1,\"name\":\"Accueil\",\"item\":\"https:\/\/arches-papers.com\/fr\/\"},{\"@type\":\"ListItem\",\"position\":2,\"name\":\"Festival Storie ad Acquerello de Bergame\"}]},{\"@type\":\"WebSite\",\"@id\":\"https:\/\/arches-papers.com\/fr\/#website\",\"url\":\"https:\/\/arches-papers.com\/fr\/\",\"name\":\"Arches Papers\",\"description\":\"Fabricant de papier\",\"potentialAction\":[{\"@type\":\"SearchAction\",\"target\":{\"@type\":\"EntryPoint\",\"urlTemplate\":\"https:\/\/arches-papers.com\/fr\/?s={search_term_string}\"},\"query-input\":{\"@type\":\"PropertyValueSpecification\",\"valueRequired\":true,\"valueName\":\"search_term_string\"}}],\"inLanguage\":\"fr-FR\"},{\"@type\":\"Person\",\"@id\":\"https:\/\/arches-papers.com\/fr\/#\/schema\/person\/a7d908ec620cb78aac5020e0c7868bb6\",\"name\":\"Eliane\",\"image\":{\"@type\":\"ImageObject\",\"inLanguage\":\"fr-FR\",\"@id\":\"https:\/\/arches-papers.com\/fr\/#\/schema\/person\/image\/\",\"url\":\"https:\/\/secure.gravatar.com\/avatar\/32332ae486056bf40e0ee1b810d0d16a31919fc2e459e2ddfa9fcfc91ffad518?s=96&d=mm&r=g\",\"contentUrl\":\"https:\/\/secure.gravatar.com\/avatar\/32332ae486056bf40e0ee1b810d0d16a31919fc2e459e2ddfa9fcfc91ffad518?s=96&d=mm&r=g\",\"caption\":\"Eliane\"},\"url\":\"https:\/\/arches-papers.com\/fr\/author\/eliane\/\"}]}<\/script>\n<!-- \/ Yoast SEO plugin. -->","yoast_head_json":{"title":"Festival Storie ad Acquerello de Bergame - Arches Papers","description":"Du 24 au 26 septembre prochain, Bergame accueillera la deuxi\u00e8me \u00e9dition du Festival Storie ad Acquerello. C\u2019est le premier festival italien d\u00e9di\u00e9 \u00e0 la technique de l\u2019aquarelle. L'\u00e9v\u00e9nement a \u00e9t\u00e9 cr\u00e9\u00e9 et con\u00e7u par Laura Cortinovis, illustratrice bien connue de Bergame et auteure ind\u00e9pendante de livres pour enfants.","robots":{"index":"index","follow":"follow","max-snippet":"max-snippet:-1","max-image-preview":"max-image-preview:large","max-video-preview":"max-video-preview:-1"},"canonical":"https:\/\/arches-papers.com\/fr\/festival-storie-ad-acquerello-de-bergame\/","og_locale":"fr_FR","og_type":"article","og_title":"Festival Storie ad Acquerello de Bergame - Arches Papers","og_description":"Du 24 au 26 septembre prochain, Bergame accueillera la deuxi\u00e8me \u00e9dition du Festival Storie ad Acquerello. C\u2019est le premier festival italien d\u00e9di\u00e9 \u00e0 la technique de l\u2019aquarelle. L'\u00e9v\u00e9nement a \u00e9t\u00e9 cr\u00e9\u00e9 et con\u00e7u par Laura Cortinovis, illustratrice bien connue de Bergame et auteure ind\u00e9pendante de livres pour enfants.","og_url":"https:\/\/arches-papers.com\/fr\/festival-storie-ad-acquerello-de-bergame\/","og_site_name":"Arches Papers","article_published_time":"2022-09-21T15:34:17+00:00","article_modified_time":"2022-09-21T16:00:18+00:00","og_image":[{"width":2300,"height":878,"url":"https:\/\/arches-papers.com\/wp-content\/uploads\/2022\/09\/ultima_versioneLOGO-con-sfondopicc-1.jpg","type":"image\/jpeg"}],"author":"Eliane","twitter_card":"summary_large_image","twitter_misc":{"\u00c9crit par":"Eliane","Dur\u00e9e de lecture estim\u00e9e":"2 minutes"},"schema":{"@context":"https:\/\/schema.org","@graph":[{"@type":"Article","@id":"https:\/\/arches-papers.com\/fr\/festival-storie-ad-acquerello-de-bergame\/#article","isPartOf":{"@id":"https:\/\/arches-papers.com\/fr\/festival-storie-ad-acquerello-de-bergame\/"},"author":{"name":"Eliane","@id":"https:\/\/arches-papers.com\/fr\/#\/schema\/person\/a7d908ec620cb78aac5020e0c7868bb6"},"headline":"Festival Storie ad Acquerello de Bergame","datePublished":"2022-09-21T15:34:17+00:00","dateModified":"2022-09-21T16:00:18+00:00","mainEntityOfPage":{"@id":"https:\/\/arches-papers.com\/fr\/festival-storie-ad-acquerello-de-bergame\/"},"wordCount":361,"image":{"@id":"https:\/\/arches-papers.com\/fr\/festival-storie-ad-acquerello-de-bergame\/#primaryimage"},"thumbnailUrl":"https:\/\/arches-papers.com\/wp-content\/uploads\/2022\/09\/ultima_versioneLOGO-con-sfondopicc-1.jpg","articleSection":["Non classifi\u00e9(e)"],"inLanguage":"fr-FR"},{"@type":"WebPage","@id":"https:\/\/arches-papers.com\/fr\/festival-storie-ad-acquerello-de-bergame\/","url":"https:\/\/arches-papers.com\/fr\/festival-storie-ad-acquerello-de-bergame\/","name":"Festival Storie ad Acquerello de Bergame - Arches Papers","isPartOf":{"@id":"https:\/\/arches-papers.com\/fr\/#website"},"primaryImageOfPage":{"@id":"https:\/\/arches-papers.com\/fr\/festival-storie-ad-acquerello-de-bergame\/#primaryimage"},"image":{"@id":"https:\/\/arches-papers.com\/fr\/festival-storie-ad-acquerello-de-bergame\/#primaryimage"},"thumbnailUrl":"https:\/\/arches-papers.com\/wp-content\/uploads\/2022\/09\/ultima_versioneLOGO-con-sfondopicc-1.jpg","datePublished":"2022-09-21T15:34:17+00:00","dateModified":"2022-09-21T16:00:18+00:00","author":{"@id":"https:\/\/arches-papers.com\/fr\/#\/schema\/person\/a7d908ec620cb78aac5020e0c7868bb6"},"description":"Du 24 au 26 septembre prochain, Bergame accueillera la deuxi\u00e8me \u00e9dition du Festival Storie ad Acquerello. C\u2019est le premier festival italien d\u00e9di\u00e9 \u00e0 la technique de l\u2019aquarelle. L'\u00e9v\u00e9nement a \u00e9t\u00e9 cr\u00e9\u00e9 et con\u00e7u par Laura Cortinovis, illustratrice bien connue de Bergame et auteure ind\u00e9pendante de livres pour enfants.","breadcrumb":{"@id":"https:\/\/arches-papers.com\/fr\/festival-storie-ad-acquerello-de-bergame\/#breadcrumb"},"inLanguage":"fr-FR","potentialAction":[{"@type":"ReadAction","target":["https:\/\/arches-papers.com\/fr\/festival-storie-ad-acquerello-de-bergame\/"]}]},{"@type":"ImageObject","inLanguage":"fr-FR","@id":"https:\/\/arches-papers.com\/fr\/festival-storie-ad-acquerello-de-bergame\/#primaryimage","url":"https:\/\/arches-papers.com\/wp-content\/uploads\/2022\/09\/ultima_versioneLOGO-con-sfondopicc-1.jpg","contentUrl":"https:\/\/arches-papers.com\/wp-content\/uploads\/2022\/09\/ultima_versioneLOGO-con-sfondopicc-1.jpg","width":2300,"height":878},{"@type":"BreadcrumbList","@id":"https:\/\/arches-papers.com\/fr\/festival-storie-ad-acquerello-de-bergame\/#breadcrumb","itemListElement":[{"@type":"ListItem","position":1,"name":"Accueil","item":"https:\/\/arches-papers.com\/fr\/"},{"@type":"ListItem","position":2,"name":"Festival Storie ad Acquerello de Bergame"}]},{"@type":"WebSite","@id":"https:\/\/arches-papers.com\/fr\/#website","url":"https:\/\/arches-papers.com\/fr\/","name":"Arches Papers","description":"Fabricant de papier","potentialAction":[{"@type":"SearchAction","target":{"@type":"EntryPoint","urlTemplate":"https:\/\/arches-papers.com\/fr\/?s={search_term_string}"},"query-input":{"@type":"PropertyValueSpecification","valueRequired":true,"valueName":"search_term_string"}}],"inLanguage":"fr-FR"},{"@type":"Person","@id":"https:\/\/arches-papers.com\/fr\/#\/schema\/person\/a7d908ec620cb78aac5020e0c7868bb6","name":"Eliane","image":{"@type":"ImageObject","inLanguage":"fr-FR","@id":"https:\/\/arches-papers.com\/fr\/#\/schema\/person\/image\/","url":"https:\/\/secure.gravatar.com\/avatar\/32332ae486056bf40e0ee1b810d0d16a31919fc2e459e2ddfa9fcfc91ffad518?s=96&d=mm&r=g","contentUrl":"https:\/\/secure.gravatar.com\/avatar\/32332ae486056bf40e0ee1b810d0d16a31919fc2e459e2ddfa9fcfc91ffad518?s=96&d=mm&r=g","caption":"Eliane"},"url":"https:\/\/arches-papers.com\/fr\/author\/eliane\/"}]}},"_links":{"self":[{"href":"https:\/\/arches-papers.com\/fr\/wp-json\/wp\/v2\/posts\/39132","targetHints":{"allow":["GET"]}}],"collection":[{"href":"https:\/\/arches-papers.com\/fr\/wp-json\/wp\/v2\/posts"}],"about":[{"href":"https:\/\/arches-papers.com\/fr\/wp-json\/wp\/v2\/types\/post"}],"author":[{"embeddable":true,"href":"https:\/\/arches-papers.com\/fr\/wp-json\/wp\/v2\/users\/17"}],"replies":[{"embeddable":true,"href":"https:\/\/arches-papers.com\/fr\/wp-json\/wp\/v2\/comments?post=39132"}],"version-history":[{"count":0,"href":"https:\/\/arches-papers.com\/fr\/wp-json\/wp\/v2\/posts\/39132\/revisions"}],"wp:featuredmedia":[{"embeddable":true,"href":"https:\/\/arches-papers.com\/fr\/wp-json\/wp\/v2\/media\/39108"}],"wp:attachment":[{"href":"https:\/\/arches-papers.com\/fr\/wp-json\/wp\/v2\/media?parent=39132"}],"wp:term":[{"taxonomy":"category","embeddable":true,"href":"https:\/\/arches-papers.com\/fr\/wp-json\/wp\/v2\/categories?post=39132"},{"taxonomy":"post_tag","embeddable":true,"href":"https:\/\/arches-papers.com\/fr\/wp-json\/wp\/v2\/tags?post=39132"}],"curies":[{"name":"wp","href":"https:\/\/api.w.org\/{rel}","templated":true}]}}