{"id":39766,"date":"2022-12-05T12:37:22","date_gmt":"2022-12-05T11:37:22","guid":{"rendered":"https:\/\/arches-papers.com\/?p=39766"},"modified":"2022-12-06T17:36:50","modified_gmt":"2022-12-06T16:36:50","slug":"gerard-garouste","status":"publish","type":"post","link":"https:\/\/arches-papers.com\/fr\/gerard-garouste\/","title":{"rendered":"R\u00e9trospective G\u00e9rard Garouste au Centre Pompidou"},"content":{"rendered":"<div class=\"wpb-content-wrapper\"><p>[vc_row content_placement=&#8221;middle&#8221;][vc_column][vc_row_inner][vc_column_inner width=&#8221;1\/3&#8243;][vc_single_image image=&#8221;39770&#8243; img_size=&#8221;full&#8221;][\/vc_column_inner][vc_column_inner width=&#8221;2\/3&#8243;][vc_column_text]<strong>Du 7 septembre 2022 au 2 janvier 2023, le Centre Pompidou consacre une r\u00e9trospective d\u2019envergure \u00e0 G\u00e9rard Garouste, l\u2019un des plus importants peintres contemporains fran\u00e7ais.<\/strong><\/p>\n<p>L\u2019exposition pr\u00e9sente 120 tableaux majeurs de l\u2019artiste ainsi que des ouvrages dont les \u00e9preuves pr\u00e9paratoires ont \u00e9t\u00e9 r\u00e9alis\u00e9es sur papiers Velin d\u2019ARCHES\u00ae et Velin BFK Rives\u00ae.[\/vc_column_text][vc_empty_space height=&#8221;24px&#8221;][vc_column_text]<a href=\"https:\/\/arches-papers.com\/fr\/la-gamme-papiers-arches\/papiers-edition-dart-arches\/velin-d-arches-dessin-creme\/\">Velin d&#8217;ARCHES &#8211; Arches Papers (arches-papers.com)<\/a><\/p>\n<p><a href=\"https:\/\/arches-papers.com\/fr\/la-gamme-papiers-arches\/papiers-edition-dart-arches\/velin-bfk-rives\/\">Velin BFK Rives &#8211; Arches Papers (arches-papers.com)<\/a>[\/vc_column_text][\/vc_column_inner][\/vc_row_inner][vc_row_inner][vc_column_inner width=&#8221;2\/3&#8243;][vc_column_text]G\u00e9rard Garouste nait \u00e0 Paris le 10 mars 1946. Son don pour le dessin se r\u00e9v\u00e8le tr\u00e8s t\u00f4t.<br \/>\nL\u2019influence de son \u00e9pouse, Elizabeth Rochline, est d\u00e9terminante dans sa d\u00e9couverte de l\u2019art moderne et contemporain. Ils se rencontrent en 1964, se marient d\u2019abord civilement, puis religieusement en 2014 apr\u00e8s qu\u2019il se soit converti au juda\u00efsme. C\u2019est ensemble qu\u2019ils cr\u00e9ent l\u2019association La Source en 1991, dont le but est d\u2019aider les enfants en difficult\u00e9 \u00e0 s\u2019\u00e9panouir \u00e0 travers des pratiques artistiques.<\/p>\n<p>En 1967, il int\u00e8gre les Beaux-Arts de Paris, dans l\u2019atelier du peintre Gustave Singier. La d\u00e9couverte de l\u2019\u0153uvre de Jean Dubuffet et de sa collection d\u2019Art Brut expos\u00e9e au Mus\u00e9e des arts d\u00e9coratifs en 1967 l\u2019inspire pour sa premi\u00e8re exposition \u00e0 Paris en 1969.<\/p>\n<p>La d\u00e9cennie 1970 et le d\u00e9but des ann\u00e9es 1980 seront ponctu\u00e9s par plusieurs crises et internements li\u00e9es \u00e0 ses troubles bipolaires.<\/p>\n<p>G\u00e9rard Garouste expose ses \u0153uvres dans les lieux les plus prestigieux du monde, \u00e0 New York, Rome, New Dehli\u2026 Une exposition lui est m\u00eame int\u00e9gralement consacr\u00e9e en 1988 au Centre Pompidou \u00e0 Paris.[\/vc_column_text][\/vc_column_inner][vc_column_inner width=&#8221;1\/3&#8243;][vc_single_image image=&#8221;39868&#8243; img_size=&#8221;full&#8221; alignment=&#8221;center&#8221;][vc_empty_space height=&#8221;24px&#8221;][\/vc_column_inner][\/vc_row_inner][vc_empty_space][vc_column_text]<\/p>\n<h3 style=\"text-align: center;\"><em>&#8220;<i>J\u2019aime l\u2019id\u00e9e qu\u2019on repr\u00e9sente une chose et qu\u2019on en raconte une autre.<\/i>&#8220;<\/em><\/h3>\n<p style=\"text-align: center;\">G\u00e9rard Garouste<\/p>\n<p>&nbsp;<\/p>\n<p><strong>Vues de l\u2019exposition 2\/30 L\u2019ing\u00e9nieux Hidalgo Don Quichotte de La Manche, 1998<\/strong><br \/>\n\u00c9preuves pr\u00e9paratoires r\u00e9alis\u00e9es sur papier Velin d\u2019ARCHES\u00ae et Velin BFK Rives\u00ae.[\/vc_column_text][vc_empty_space][vc_single_image image=&#8221;39777&#8243; img_size=&#8221;full&#8221; alignment=&#8221;center&#8221;][vc_empty_space][vc_row_inner][vc_column_inner width=&#8221;1\/2&#8243;][vc_single_image image=&#8221;39784&#8243; img_size=&#8221;full&#8221; alignment=&#8221;center&#8221;][vc_empty_space][vc_single_image image=&#8221;39798&#8243; img_size=&#8221;full&#8221; alignment=&#8221;center&#8221;][vc_empty_space][vc_single_image image=&#8221;39812&#8243; img_size=&#8221;full&#8221; alignment=&#8221;center&#8221;][vc_empty_space][\/vc_column_inner][vc_column_inner width=&#8221;1\/2&#8243;][vc_single_image image=&#8221;39791&#8243; img_size=&#8221;full&#8221; alignment=&#8221;center&#8221;][vc_empty_space][vc_single_image image=&#8221;39805&#8243; img_size=&#8221;full&#8221; alignment=&#8221;center&#8221;][vc_empty_space][vc_single_image image=&#8221;39819&#8243; img_size=&#8221;full&#8221; alignment=&#8221;center&#8221;][vc_empty_space][\/vc_column_inner][\/vc_row_inner][\/vc_column][\/vc_row][vc_row][vc_column][vc_empty_space][vc_column_text]<strong>Vues de l\u2019exposition 29\/30 \u0152uvres pr\u00e9paratoires pour le livre Haggadah, 2000-2001<\/strong><br \/>\n10 gouaches sur papier Velin d\u2019ARCHES\u00ae et Velin BFK Rives\u00ae.[\/vc_column_text][vc_empty_space][vc_single_image image=&#8221;39826&#8243; img_size=&#8221;full&#8221; alignment=&#8221;center&#8221;][vc_empty_space][vc_row_inner][vc_column_inner width=&#8221;1\/2&#8243;][vc_single_image image=&#8221;39833&#8243; img_size=&#8221;full&#8221; alignment=&#8221;center&#8221;][vc_empty_space][vc_single_image image=&#8221;39882&#8243; img_size=&#8221;full&#8221; alignment=&#8221;center&#8221;][vc_empty_space][vc_single_image image=&#8221;39861&#8243; img_size=&#8221;full&#8221; alignment=&#8221;center&#8221;][vc_single_image image=&#8221;39896&#8243; img_size=&#8221;full&#8221; alignment=&#8221;center&#8221;][vc_empty_space][vc_empty_space][\/vc_column_inner][vc_column_inner width=&#8221;1\/2&#8243;][vc_single_image image=&#8221;39840&#8243; img_size=&#8221;full&#8221; alignment=&#8221;center&#8221;][vc_empty_space][vc_single_image image=&#8221;39889&#8243; img_size=&#8221;full&#8221; alignment=&#8221;center&#8221;][vc_empty_space][vc_single_image image=&#8221;39854&#8243; img_size=&#8221;full&#8221; alignment=&#8221;center&#8221;][vc_single_image image=&#8221;39903&#8243; img_size=&#8221;full&#8221; alignment=&#8221;center&#8221;][vc_empty_space][vc_empty_space][\/vc_column_inner][\/vc_row_inner][vc_row_inner][vc_column_inner][vc_empty_space][vc_single_image image=&#8221;39847&#8243; img_size=&#8221;full&#8221; alignment=&#8221;center&#8221;][vc_empty_space][vc_column_text]<\/p>\n<p style=\"text-align: center;\"><a class=\"\" href=\"https:\/\/www.centrepompidou.fr\/fr\/programme\/agenda\/evenement\/1c7rCxA\" target=\"_blank\" rel=\"noopener noreferrer\">G\u00e9rard Garouste &#8211; Centre Pompidou<\/a><\/p>\n<p>[\/vc_column_text][vc_empty_space][\/vc_column_inner][\/vc_row_inner][\/vc_column][\/vc_row]<\/p>\n<\/div>","protected":false},"excerpt":{"rendered":"Du 7 septembre 2022 au 2 janvier 2023, le Centre Pompidou consacre une r\u00e9trospective d\u2019envergure \u00e0 G\u00e9rard Garouste, l\u2019un des plus importants peintres contemporains fran\u00e7ais. \r\nL\u2019exposition pr\u00e9sente 120 tableaux majeurs de l\u2019artiste ainsi que des ouvrages dont les \u00e9preuves pr\u00e9paratoires ont \u00e9t\u00e9 r\u00e9alis\u00e9es sur papiers Velin d\u2019ARCHES\u00ae et Velin BFK Rives\u00ae.","protected":false},"author":18,"featured_media":39875,"comment_status":"closed","ping_status":"closed","sticky":false,"template":"","format":"standard","meta":{"footnotes":""},"categories":[461],"tags":[],"class_list":["post-39766","post","type-post","status-publish","format-standard","has-post-thumbnail","hentry","category-non-classifiee-fr"],"yoast_head":"<!-- This site is optimized with the Yoast SEO plugin v27.1.1 - https:\/\/yoast.com\/product\/yoast-seo-wordpress\/ -->\n<title>R\u00e9trospective G\u00e9rard Garouste au Centre Pompidou - Arches Papers<\/title>\n<meta name=\"description\" content=\"Le Centre Pompidou consacre une r\u00e9trospective d\u2019envergure \u00e0 G\u00e9rard Garouste, l\u2019un des plus importants peintres contemporains fran\u00e7ais.\" \/>\n<meta name=\"robots\" content=\"index, follow, max-snippet:-1, max-image-preview:large, max-video-preview:-1\" \/>\n<link rel=\"canonical\" href=\"https:\/\/arches-papers.com\/fr\/gerard-garouste\/\" \/>\n<meta property=\"og:locale\" content=\"fr_FR\" \/>\n<meta property=\"og:type\" content=\"article\" \/>\n<meta property=\"og:title\" content=\"R\u00e9trospective G\u00e9rard Garouste au Centre Pompidou - Arches Papers\" \/>\n<meta property=\"og:description\" content=\"Le Centre Pompidou consacre une r\u00e9trospective d\u2019envergure \u00e0 G\u00e9rard Garouste, l\u2019un des plus importants peintres contemporains fran\u00e7ais.\" \/>\n<meta property=\"og:url\" content=\"https:\/\/arches-papers.com\/fr\/gerard-garouste\/\" \/>\n<meta property=\"og:site_name\" content=\"Arches Papers\" \/>\n<meta property=\"article:published_time\" content=\"2022-12-05T11:37:22+00:00\" \/>\n<meta property=\"article:modified_time\" content=\"2022-12-06T16:36:50+00:00\" \/>\n<meta property=\"og:image\" content=\"https:\/\/arches-papers.com\/wp-content\/uploads\/2022\/12\/visuel-principal.jpg\" \/>\n\t<meta property=\"og:image:width\" content=\"1600\" \/>\n\t<meta property=\"og:image:height\" content=\"1368\" \/>\n\t<meta property=\"og:image:type\" content=\"image\/jpeg\" \/>\n<meta name=\"author\" content=\"Nicolas C\" \/>\n<meta name=\"twitter:card\" content=\"summary_large_image\" \/>\n<meta name=\"twitter:label1\" content=\"\u00c9crit par\" \/>\n\t<meta name=\"twitter:data1\" content=\"Nicolas C\" \/>\n\t<meta name=\"twitter:label2\" content=\"Dur\u00e9e de lecture estim\u00e9e\" \/>\n\t<meta name=\"twitter:data2\" content=\"4 minutes\" \/>\n<script type=\"application\/ld+json\" class=\"yoast-schema-graph\">{\"@context\":\"https:\/\/schema.org\",\"@graph\":[{\"@type\":\"Article\",\"@id\":\"https:\/\/arches-papers.com\/fr\/gerard-garouste\/#article\",\"isPartOf\":{\"@id\":\"https:\/\/arches-papers.com\/fr\/gerard-garouste\/\"},\"author\":{\"name\":\"Nicolas C\",\"@id\":\"https:\/\/arches-papers.com\/fr\/#\/schema\/person\/2a888d9d97b35de19f649e99dd8716fd\"},\"headline\":\"R\u00e9trospective G\u00e9rard Garouste au Centre Pompidou\",\"datePublished\":\"2022-12-05T11:37:22+00:00\",\"dateModified\":\"2022-12-06T16:36:50+00:00\",\"mainEntityOfPage\":{\"@id\":\"https:\/\/arches-papers.com\/fr\/gerard-garouste\/\"},\"wordCount\":751,\"image\":{\"@id\":\"https:\/\/arches-papers.com\/fr\/gerard-garouste\/#primaryimage\"},\"thumbnailUrl\":\"https:\/\/arches-papers.com\/wp-content\/uploads\/2022\/12\/visuel-principal.jpg\",\"articleSection\":[\"Non classifi\u00e9(e)\"],\"inLanguage\":\"fr-FR\"},{\"@type\":\"WebPage\",\"@id\":\"https:\/\/arches-papers.com\/fr\/gerard-garouste\/\",\"url\":\"https:\/\/arches-papers.com\/fr\/gerard-garouste\/\",\"name\":\"R\u00e9trospective G\u00e9rard Garouste au Centre Pompidou - Arches Papers\",\"isPartOf\":{\"@id\":\"https:\/\/arches-papers.com\/fr\/#website\"},\"primaryImageOfPage\":{\"@id\":\"https:\/\/arches-papers.com\/fr\/gerard-garouste\/#primaryimage\"},\"image\":{\"@id\":\"https:\/\/arches-papers.com\/fr\/gerard-garouste\/#primaryimage\"},\"thumbnailUrl\":\"https:\/\/arches-papers.com\/wp-content\/uploads\/2022\/12\/visuel-principal.jpg\",\"datePublished\":\"2022-12-05T11:37:22+00:00\",\"dateModified\":\"2022-12-06T16:36:50+00:00\",\"author\":{\"@id\":\"https:\/\/arches-papers.com\/fr\/#\/schema\/person\/2a888d9d97b35de19f649e99dd8716fd\"},\"description\":\"Le Centre Pompidou consacre une r\u00e9trospective d\u2019envergure \u00e0 G\u00e9rard Garouste, l\u2019un des plus importants peintres contemporains fran\u00e7ais.\",\"breadcrumb\":{\"@id\":\"https:\/\/arches-papers.com\/fr\/gerard-garouste\/#breadcrumb\"},\"inLanguage\":\"fr-FR\",\"potentialAction\":[{\"@type\":\"ReadAction\",\"target\":[\"https:\/\/arches-papers.com\/fr\/gerard-garouste\/\"]}]},{\"@type\":\"ImageObject\",\"inLanguage\":\"fr-FR\",\"@id\":\"https:\/\/arches-papers.com\/fr\/gerard-garouste\/#primaryimage\",\"url\":\"https:\/\/arches-papers.com\/wp-content\/uploads\/2022\/12\/visuel-principal.jpg\",\"contentUrl\":\"https:\/\/arches-papers.com\/wp-content\/uploads\/2022\/12\/visuel-principal.jpg\",\"width\":1600,\"height\":1368},{\"@type\":\"BreadcrumbList\",\"@id\":\"https:\/\/arches-papers.com\/fr\/gerard-garouste\/#breadcrumb\",\"itemListElement\":[{\"@type\":\"ListItem\",\"position\":1,\"name\":\"Accueil\",\"item\":\"https:\/\/arches-papers.com\/fr\/\"},{\"@type\":\"ListItem\",\"position\":2,\"name\":\"R\u00e9trospective G\u00e9rard Garouste au Centre Pompidou\"}]},{\"@type\":\"WebSite\",\"@id\":\"https:\/\/arches-papers.com\/fr\/#website\",\"url\":\"https:\/\/arches-papers.com\/fr\/\",\"name\":\"Arches Papers\",\"description\":\"Fabricant de papier\",\"potentialAction\":[{\"@type\":\"SearchAction\",\"target\":{\"@type\":\"EntryPoint\",\"urlTemplate\":\"https:\/\/arches-papers.com\/fr\/?s={search_term_string}\"},\"query-input\":{\"@type\":\"PropertyValueSpecification\",\"valueRequired\":true,\"valueName\":\"search_term_string\"}}],\"inLanguage\":\"fr-FR\"},{\"@type\":\"Person\",\"@id\":\"https:\/\/arches-papers.com\/fr\/#\/schema\/person\/2a888d9d97b35de19f649e99dd8716fd\",\"name\":\"Nicolas C\",\"image\":{\"@type\":\"ImageObject\",\"inLanguage\":\"fr-FR\",\"@id\":\"https:\/\/arches-papers.com\/fr\/#\/schema\/person\/image\/\",\"url\":\"https:\/\/secure.gravatar.com\/avatar\/32b8ee9d4ceac83e6cfc8e4c5da7abf4a3d553074d8b9a056d2f9479e9cc0b90?s=96&d=mm&r=g\",\"contentUrl\":\"https:\/\/secure.gravatar.com\/avatar\/32b8ee9d4ceac83e6cfc8e4c5da7abf4a3d553074d8b9a056d2f9479e9cc0b90?s=96&d=mm&r=g\",\"caption\":\"Nicolas C\"},\"url\":\"https:\/\/arches-papers.com\/fr\/author\/nicolasche-n\/\"}]}<\/script>\n<!-- \/ Yoast SEO plugin. -->","yoast_head_json":{"title":"R\u00e9trospective G\u00e9rard Garouste au Centre Pompidou - Arches Papers","description":"Le Centre Pompidou consacre une r\u00e9trospective d\u2019envergure \u00e0 G\u00e9rard Garouste, l\u2019un des plus importants peintres contemporains fran\u00e7ais.","robots":{"index":"index","follow":"follow","max-snippet":"max-snippet:-1","max-image-preview":"max-image-preview:large","max-video-preview":"max-video-preview:-1"},"canonical":"https:\/\/arches-papers.com\/fr\/gerard-garouste\/","og_locale":"fr_FR","og_type":"article","og_title":"R\u00e9trospective G\u00e9rard Garouste au Centre Pompidou - Arches Papers","og_description":"Le Centre Pompidou consacre une r\u00e9trospective d\u2019envergure \u00e0 G\u00e9rard Garouste, l\u2019un des plus importants peintres contemporains fran\u00e7ais.","og_url":"https:\/\/arches-papers.com\/fr\/gerard-garouste\/","og_site_name":"Arches Papers","article_published_time":"2022-12-05T11:37:22+00:00","article_modified_time":"2022-12-06T16:36:50+00:00","og_image":[{"width":1600,"height":1368,"url":"https:\/\/arches-papers.com\/wp-content\/uploads\/2022\/12\/visuel-principal.jpg","type":"image\/jpeg"}],"author":"Nicolas C","twitter_card":"summary_large_image","twitter_misc":{"\u00c9crit par":"Nicolas C","Dur\u00e9e de lecture estim\u00e9e":"4 minutes"},"schema":{"@context":"https:\/\/schema.org","@graph":[{"@type":"Article","@id":"https:\/\/arches-papers.com\/fr\/gerard-garouste\/#article","isPartOf":{"@id":"https:\/\/arches-papers.com\/fr\/gerard-garouste\/"},"author":{"name":"Nicolas C","@id":"https:\/\/arches-papers.com\/fr\/#\/schema\/person\/2a888d9d97b35de19f649e99dd8716fd"},"headline":"R\u00e9trospective G\u00e9rard Garouste au Centre Pompidou","datePublished":"2022-12-05T11:37:22+00:00","dateModified":"2022-12-06T16:36:50+00:00","mainEntityOfPage":{"@id":"https:\/\/arches-papers.com\/fr\/gerard-garouste\/"},"wordCount":751,"image":{"@id":"https:\/\/arches-papers.com\/fr\/gerard-garouste\/#primaryimage"},"thumbnailUrl":"https:\/\/arches-papers.com\/wp-content\/uploads\/2022\/12\/visuel-principal.jpg","articleSection":["Non classifi\u00e9(e)"],"inLanguage":"fr-FR"},{"@type":"WebPage","@id":"https:\/\/arches-papers.com\/fr\/gerard-garouste\/","url":"https:\/\/arches-papers.com\/fr\/gerard-garouste\/","name":"R\u00e9trospective G\u00e9rard Garouste au Centre Pompidou - Arches Papers","isPartOf":{"@id":"https:\/\/arches-papers.com\/fr\/#website"},"primaryImageOfPage":{"@id":"https:\/\/arches-papers.com\/fr\/gerard-garouste\/#primaryimage"},"image":{"@id":"https:\/\/arches-papers.com\/fr\/gerard-garouste\/#primaryimage"},"thumbnailUrl":"https:\/\/arches-papers.com\/wp-content\/uploads\/2022\/12\/visuel-principal.jpg","datePublished":"2022-12-05T11:37:22+00:00","dateModified":"2022-12-06T16:36:50+00:00","author":{"@id":"https:\/\/arches-papers.com\/fr\/#\/schema\/person\/2a888d9d97b35de19f649e99dd8716fd"},"description":"Le Centre Pompidou consacre une r\u00e9trospective d\u2019envergure \u00e0 G\u00e9rard Garouste, l\u2019un des plus importants peintres contemporains fran\u00e7ais.","breadcrumb":{"@id":"https:\/\/arches-papers.com\/fr\/gerard-garouste\/#breadcrumb"},"inLanguage":"fr-FR","potentialAction":[{"@type":"ReadAction","target":["https:\/\/arches-papers.com\/fr\/gerard-garouste\/"]}]},{"@type":"ImageObject","inLanguage":"fr-FR","@id":"https:\/\/arches-papers.com\/fr\/gerard-garouste\/#primaryimage","url":"https:\/\/arches-papers.com\/wp-content\/uploads\/2022\/12\/visuel-principal.jpg","contentUrl":"https:\/\/arches-papers.com\/wp-content\/uploads\/2022\/12\/visuel-principal.jpg","width":1600,"height":1368},{"@type":"BreadcrumbList","@id":"https:\/\/arches-papers.com\/fr\/gerard-garouste\/#breadcrumb","itemListElement":[{"@type":"ListItem","position":1,"name":"Accueil","item":"https:\/\/arches-papers.com\/fr\/"},{"@type":"ListItem","position":2,"name":"R\u00e9trospective G\u00e9rard Garouste au Centre Pompidou"}]},{"@type":"WebSite","@id":"https:\/\/arches-papers.com\/fr\/#website","url":"https:\/\/arches-papers.com\/fr\/","name":"Arches Papers","description":"Fabricant de papier","potentialAction":[{"@type":"SearchAction","target":{"@type":"EntryPoint","urlTemplate":"https:\/\/arches-papers.com\/fr\/?s={search_term_string}"},"query-input":{"@type":"PropertyValueSpecification","valueRequired":true,"valueName":"search_term_string"}}],"inLanguage":"fr-FR"},{"@type":"Person","@id":"https:\/\/arches-papers.com\/fr\/#\/schema\/person\/2a888d9d97b35de19f649e99dd8716fd","name":"Nicolas C","image":{"@type":"ImageObject","inLanguage":"fr-FR","@id":"https:\/\/arches-papers.com\/fr\/#\/schema\/person\/image\/","url":"https:\/\/secure.gravatar.com\/avatar\/32b8ee9d4ceac83e6cfc8e4c5da7abf4a3d553074d8b9a056d2f9479e9cc0b90?s=96&d=mm&r=g","contentUrl":"https:\/\/secure.gravatar.com\/avatar\/32b8ee9d4ceac83e6cfc8e4c5da7abf4a3d553074d8b9a056d2f9479e9cc0b90?s=96&d=mm&r=g","caption":"Nicolas C"},"url":"https:\/\/arches-papers.com\/fr\/author\/nicolasche-n\/"}]}},"_links":{"self":[{"href":"https:\/\/arches-papers.com\/fr\/wp-json\/wp\/v2\/posts\/39766","targetHints":{"allow":["GET"]}}],"collection":[{"href":"https:\/\/arches-papers.com\/fr\/wp-json\/wp\/v2\/posts"}],"about":[{"href":"https:\/\/arches-papers.com\/fr\/wp-json\/wp\/v2\/types\/post"}],"author":[{"embeddable":true,"href":"https:\/\/arches-papers.com\/fr\/wp-json\/wp\/v2\/users\/18"}],"replies":[{"embeddable":true,"href":"https:\/\/arches-papers.com\/fr\/wp-json\/wp\/v2\/comments?post=39766"}],"version-history":[{"count":0,"href":"https:\/\/arches-papers.com\/fr\/wp-json\/wp\/v2\/posts\/39766\/revisions"}],"wp:featuredmedia":[{"embeddable":true,"href":"https:\/\/arches-papers.com\/fr\/wp-json\/wp\/v2\/media\/39875"}],"wp:attachment":[{"href":"https:\/\/arches-papers.com\/fr\/wp-json\/wp\/v2\/media?parent=39766"}],"wp:term":[{"taxonomy":"category","embeddable":true,"href":"https:\/\/arches-papers.com\/fr\/wp-json\/wp\/v2\/categories?post=39766"},{"taxonomy":"post_tag","embeddable":true,"href":"https:\/\/arches-papers.com\/fr\/wp-json\/wp\/v2\/tags?post=39766"}],"curies":[{"name":"wp","href":"https:\/\/api.w.org\/{rel}","templated":true}]}}