{"id":39979,"date":"2023-01-10T10:07:11","date_gmt":"2023-01-10T09:07:11","guid":{"rendered":"https:\/\/arches-papers.com\/?p=39979"},"modified":"2023-01-13T09:16:22","modified_gmt":"2023-01-13T08:16:22","slug":"30e-festival-international-du-film-fantastique-de-gerardmer","status":"publish","type":"post","link":"https:\/\/arches-papers.com\/fr\/30e-festival-international-du-film-fantastique-de-gerardmer\/","title":{"rendered":"30e Festival International du Film Fantastique de G\u00e9rardmer"},"content":{"rendered":"<div class=\"mp-row-fluid motopress-row mpce-dsbl-margin-left mpce-dsbl-margin-right\">\n<div class=\"motopress-clmn mp-span12  mpce-dsbl-margin-left mpce-dsbl-margin-right\">\n<div class=\"mp-row-fluid motopress-row mpce-dsbl-margin-left mpce-dsbl-margin-right\">\n<div class=\"motopress-clmn mp-span12 mpce-dsbl-margin-left mpce-dsbl-margin-right\">\n<div class=\"motopress-code-obj\">\n<p><strong>La 30e \u00e9dition du Festival International du Film Fantastique de G\u00e9rardmer se d\u00e9roulera du 25 au 29 janvier 2023 au c\u0153ur des Vosges.<\/strong><\/p>\n<p>Pour cette \u00e9dition anniversaire, le festival b\u00e9n\u00e9ficiera d\u2019une double pr\u00e9sidence avec le couple B\u00e9r\u00e9nice Bejo et Michel Hazanavicius.<\/p>\n<p>Les membres du Jury longs m\u00e9trages sont tout aussi prestigieux : Alex Lutz, Pierre Deladonchamps, S\u00e9bastien Marnier, Anne Le Ny, Catherine Ringer, Eye Ha\u00efdara, Finnegan Oldfield, Gringe et Pierre Rochefort.<\/p>\n<p><img loading=\"lazy\" decoding=\"async\" class=\"alignnone wp-image-40009 size-full\" src=\"https:\/\/arches-papers.com\/wp-content\/uploads\/2023\/01\/jury-long-metrage.jpg\" alt=\"\" width=\"540\" height=\"556\" srcset=\"https:\/\/arches-papers.com\/wp-content\/uploads\/2023\/01\/jury-long-metrage.jpg 540w, https:\/\/arches-papers.com\/wp-content\/uploads\/2023\/01\/jury-long-metrage-291x300.jpg 291w\" sizes=\"auto, (max-width: 540px) 100vw, 540px\" \/><\/p>\n<p>Le jury courts m\u00e9trages sera quant \u00e0 lui pr\u00e9sid\u00e9 par le talentueux magicien David Jarre. \u00c0 ses c\u00f4t\u00e9s, Fr\u00e9d\u00e9rique Moreau, Lou Lampros, Oph\u00e9lie Bau, Fran\u00e7ois Descraques et Jules Benchetrit.<\/p>\n<p><img loading=\"lazy\" decoding=\"async\" class=\"alignnone wp-image-40002 size-full\" src=\"https:\/\/arches-papers.com\/wp-content\/uploads\/2023\/01\/jury-court-metrage.jpg\" alt=\"\" width=\"488\" height=\"524\" srcset=\"https:\/\/arches-papers.com\/wp-content\/uploads\/2023\/01\/jury-court-metrage.jpg 488w, https:\/\/arches-papers.com\/wp-content\/uploads\/2023\/01\/jury-court-metrage-279x300.jpg 279w\" sizes=\"auto, (max-width: 488px) 100vw, 488px\" \/><\/p>\n<p>L\u2019inqui\u00e9tante affiche orang\u00e9e lac\u00e9r\u00e9e par un couteau est imprim\u00e9e sur papier ARCHES\u00ae Expression Texture naturel 250 g\/m\u00b2. Santiago Bordils en est le cr\u00e9ateur.<\/p>\n<p><a href=\"https:\/\/arches-papers.com\/fr\/la-gamme-papiers-arches\/impression-offset-arches-expression\/arches-expression\/\">ARCHES Expression &#8211; Arches Papers (arches-papers.com)<\/a><\/p>\n<\/div>\n<\/div>\n<\/div>\n<div class=\"mp-row-fluid motopress-row mpce-dsbl-margin-left mpce-dsbl-margin-right\">\n<div class=\"motopress-clmn mp-span12 mpce-dsbl-margin-left mpce-dsbl-margin-right\">\n<div class=\"motopress-image-obj motopress-text-align-center\"><img decoding=\"async\" src=\"https:\/\/arches-papers.com\/wp-content\/uploads\/2023\/01\/affiche.jpg\" title=\"affiche\" alt=\"affiche\" class=\"motopress-image-obj-basic mpce-prvt-39979-63bc214327aed mpce-dsbl-margin-left mpce-dsbl-margin-right mpce-dsbl-margin-top mpce-dsbl-margin-bottom\" \/><\/div>\n<\/div>\n<\/div>\n<div class=\"mp-row-fluid motopress-row mpce-dsbl-margin-left mpce-dsbl-margin-right\">\n<div class=\"motopress-clmn mp-span12 mpce-dsbl-margin-left mpce-dsbl-margin-right\">\n<div class=\"motopress-code-obj mpce-prvt-39979-63bc219427b4e\">\n<p style=\"text-align: center;\"><em>\u00ab 2023, c\u2019est la 30e \u00e9dition, il faut donc jouer avec le 30. Tr\u00e8s vite, les chiffres romains (XXX) sont apparus plus inqui\u00e9tants et impactants qu\u2019un \u00ab 3 \u00bb et un \u00ab 0 \u00bb, qui sont des chiffres tout en rondeur, tout en douceur. \u00c0 partir de l\u00e0, l\u2019id\u00e9e de d\u00e9coupe \u00e9tait \u00e9vidente et les inspirations cin\u00e9matographiques multiples\u2026 \u00bb <\/em><\/p>\n<p style=\"text-align: center;\">Santiago Bordils<\/p>\n<\/div>\n<\/div>\n<\/div>\n<\/div>\n<\/div>\n","protected":false},"excerpt":{"rendered":"La 30e \u00e9dition du Festival International du Film Fantastique de G\u00e9rardmer se d\u00e9roulera du 25 au 29 janvier 2023 au c\u0153ur des Vosges.","protected":false},"author":18,"featured_media":39990,"comment_status":"closed","ping_status":"closed","sticky":false,"template":"","format":"standard","meta":{"footnotes":""},"categories":[461],"tags":[214,369,425,212,213],"class_list":["post-39979","post","type-post","status-publish","format-standard","has-post-thumbnail","hentry","category-non-classifiee-fr","tag-arches","tag-arches-paper","tag-arches-paper-fr-2","tag-film-fantastique","tag-gerardmer"],"yoast_head":"<!-- This site is optimized with the Yoast SEO plugin v27.1.1 - https:\/\/yoast.com\/product\/yoast-seo-wordpress\/ -->\n<title>30e Festival International du Film Fantastique de G\u00e9rardmer - Arches Papers<\/title>\n<meta name=\"description\" content=\"La 30e \u00e9dition du Festival International du Film Fantastique de G\u00e9rardmer se d\u00e9roulera du 25 au 29 janvier 2023 au c\u0153ur des Vosges.\" \/>\n<meta name=\"robots\" content=\"index, follow, max-snippet:-1, max-image-preview:large, max-video-preview:-1\" \/>\n<link rel=\"canonical\" href=\"https:\/\/arches-papers.com\/fr\/30e-festival-international-du-film-fantastique-de-gerardmer\/\" \/>\n<meta property=\"og:locale\" content=\"fr_FR\" \/>\n<meta property=\"og:type\" content=\"article\" \/>\n<meta property=\"og:title\" content=\"30e Festival International du Film Fantastique de G\u00e9rardmer - Arches Papers\" \/>\n<meta property=\"og:description\" content=\"La 30e \u00e9dition du Festival International du Film Fantastique de G\u00e9rardmer se d\u00e9roulera du 25 au 29 janvier 2023 au c\u0153ur des Vosges.\" \/>\n<meta property=\"og:url\" content=\"https:\/\/arches-papers.com\/fr\/30e-festival-international-du-film-fantastique-de-gerardmer\/\" \/>\n<meta property=\"og:site_name\" content=\"Arches Papers\" \/>\n<meta property=\"article:published_time\" content=\"2023-01-10T09:07:11+00:00\" \/>\n<meta property=\"article:modified_time\" content=\"2023-01-13T08:16:22+00:00\" \/>\n<meta property=\"og:image\" content=\"https:\/\/arches-papers.com\/wp-content\/uploads\/2023\/01\/bandeau.jpg\" \/>\n\t<meta property=\"og:image:width\" content=\"1600\" \/>\n\t<meta property=\"og:image:height\" content=\"965\" \/>\n\t<meta property=\"og:image:type\" content=\"image\/jpeg\" \/>\n<meta name=\"author\" content=\"Nicolas C\" \/>\n<meta name=\"twitter:card\" content=\"summary_large_image\" \/>\n<meta name=\"twitter:label1\" content=\"\u00c9crit par\" \/>\n\t<meta name=\"twitter:data1\" content=\"Nicolas C\" \/>\n\t<meta name=\"twitter:label2\" content=\"Dur\u00e9e de lecture estim\u00e9e\" \/>\n\t<meta name=\"twitter:data2\" content=\"1 minute\" \/>\n<script type=\"application\/ld+json\" class=\"yoast-schema-graph\">{\"@context\":\"https:\/\/schema.org\",\"@graph\":[{\"@type\":\"Article\",\"@id\":\"https:\/\/arches-papers.com\/fr\/30e-festival-international-du-film-fantastique-de-gerardmer\/#article\",\"isPartOf\":{\"@id\":\"https:\/\/arches-papers.com\/fr\/30e-festival-international-du-film-fantastique-de-gerardmer\/\"},\"author\":{\"name\":\"Nicolas C\",\"@id\":\"https:\/\/arches-papers.com\/fr\/#\/schema\/person\/2a888d9d97b35de19f649e99dd8716fd\"},\"headline\":\"30e Festival International du Film Fantastique de G\u00e9rardmer\",\"datePublished\":\"2023-01-10T09:07:11+00:00\",\"dateModified\":\"2023-01-13T08:16:22+00:00\",\"mainEntityOfPage\":{\"@id\":\"https:\/\/arches-papers.com\/fr\/30e-festival-international-du-film-fantastique-de-gerardmer\/\"},\"wordCount\":218,\"image\":{\"@id\":\"https:\/\/arches-papers.com\/fr\/30e-festival-international-du-film-fantastique-de-gerardmer\/#primaryimage\"},\"thumbnailUrl\":\"https:\/\/arches-papers.com\/wp-content\/uploads\/2023\/01\/bandeau.jpg\",\"keywords\":[\"Arches\",\"ARCHES paper\",\"ARCHES paper\",\"film fantastique\",\"G\u00e9rardmer\"],\"articleSection\":[\"Non classifi\u00e9(e)\"],\"inLanguage\":\"fr-FR\"},{\"@type\":\"WebPage\",\"@id\":\"https:\/\/arches-papers.com\/fr\/30e-festival-international-du-film-fantastique-de-gerardmer\/\",\"url\":\"https:\/\/arches-papers.com\/fr\/30e-festival-international-du-film-fantastique-de-gerardmer\/\",\"name\":\"30e Festival International du Film Fantastique de G\u00e9rardmer - Arches Papers\",\"isPartOf\":{\"@id\":\"https:\/\/arches-papers.com\/fr\/#website\"},\"primaryImageOfPage\":{\"@id\":\"https:\/\/arches-papers.com\/fr\/30e-festival-international-du-film-fantastique-de-gerardmer\/#primaryimage\"},\"image\":{\"@id\":\"https:\/\/arches-papers.com\/fr\/30e-festival-international-du-film-fantastique-de-gerardmer\/#primaryimage\"},\"thumbnailUrl\":\"https:\/\/arches-papers.com\/wp-content\/uploads\/2023\/01\/bandeau.jpg\",\"datePublished\":\"2023-01-10T09:07:11+00:00\",\"dateModified\":\"2023-01-13T08:16:22+00:00\",\"author\":{\"@id\":\"https:\/\/arches-papers.com\/fr\/#\/schema\/person\/2a888d9d97b35de19f649e99dd8716fd\"},\"description\":\"La 30e \u00e9dition du Festival International du Film Fantastique de G\u00e9rardmer se d\u00e9roulera du 25 au 29 janvier 2023 au c\u0153ur des Vosges.\",\"breadcrumb\":{\"@id\":\"https:\/\/arches-papers.com\/fr\/30e-festival-international-du-film-fantastique-de-gerardmer\/#breadcrumb\"},\"inLanguage\":\"fr-FR\",\"potentialAction\":[{\"@type\":\"ReadAction\",\"target\":[\"https:\/\/arches-papers.com\/fr\/30e-festival-international-du-film-fantastique-de-gerardmer\/\"]}]},{\"@type\":\"ImageObject\",\"inLanguage\":\"fr-FR\",\"@id\":\"https:\/\/arches-papers.com\/fr\/30e-festival-international-du-film-fantastique-de-gerardmer\/#primaryimage\",\"url\":\"https:\/\/arches-papers.com\/wp-content\/uploads\/2023\/01\/bandeau.jpg\",\"contentUrl\":\"https:\/\/arches-papers.com\/wp-content\/uploads\/2023\/01\/bandeau.jpg\",\"width\":1600,\"height\":965},{\"@type\":\"BreadcrumbList\",\"@id\":\"https:\/\/arches-papers.com\/fr\/30e-festival-international-du-film-fantastique-de-gerardmer\/#breadcrumb\",\"itemListElement\":[{\"@type\":\"ListItem\",\"position\":1,\"name\":\"Accueil\",\"item\":\"https:\/\/arches-papers.com\/fr\/\"},{\"@type\":\"ListItem\",\"position\":2,\"name\":\"30e Festival International du Film Fantastique de G\u00e9rardmer\"}]},{\"@type\":\"WebSite\",\"@id\":\"https:\/\/arches-papers.com\/fr\/#website\",\"url\":\"https:\/\/arches-papers.com\/fr\/\",\"name\":\"Arches Papers\",\"description\":\"Fabricant de papier\",\"potentialAction\":[{\"@type\":\"SearchAction\",\"target\":{\"@type\":\"EntryPoint\",\"urlTemplate\":\"https:\/\/arches-papers.com\/fr\/?s={search_term_string}\"},\"query-input\":{\"@type\":\"PropertyValueSpecification\",\"valueRequired\":true,\"valueName\":\"search_term_string\"}}],\"inLanguage\":\"fr-FR\"},{\"@type\":\"Person\",\"@id\":\"https:\/\/arches-papers.com\/fr\/#\/schema\/person\/2a888d9d97b35de19f649e99dd8716fd\",\"name\":\"Nicolas C\",\"image\":{\"@type\":\"ImageObject\",\"inLanguage\":\"fr-FR\",\"@id\":\"https:\/\/arches-papers.com\/fr\/#\/schema\/person\/image\/\",\"url\":\"https:\/\/secure.gravatar.com\/avatar\/32b8ee9d4ceac83e6cfc8e4c5da7abf4a3d553074d8b9a056d2f9479e9cc0b90?s=96&d=mm&r=g\",\"contentUrl\":\"https:\/\/secure.gravatar.com\/avatar\/32b8ee9d4ceac83e6cfc8e4c5da7abf4a3d553074d8b9a056d2f9479e9cc0b90?s=96&d=mm&r=g\",\"caption\":\"Nicolas C\"},\"url\":\"https:\/\/arches-papers.com\/fr\/author\/nicolasche-n\/\"}]}<\/script>\n<!-- \/ Yoast SEO plugin. -->","yoast_head_json":{"title":"30e Festival International du Film Fantastique de G\u00e9rardmer - Arches Papers","description":"La 30e \u00e9dition du Festival International du Film Fantastique de G\u00e9rardmer se d\u00e9roulera du 25 au 29 janvier 2023 au c\u0153ur des Vosges.","robots":{"index":"index","follow":"follow","max-snippet":"max-snippet:-1","max-image-preview":"max-image-preview:large","max-video-preview":"max-video-preview:-1"},"canonical":"https:\/\/arches-papers.com\/fr\/30e-festival-international-du-film-fantastique-de-gerardmer\/","og_locale":"fr_FR","og_type":"article","og_title":"30e Festival International du Film Fantastique de G\u00e9rardmer - Arches Papers","og_description":"La 30e \u00e9dition du Festival International du Film Fantastique de G\u00e9rardmer se d\u00e9roulera du 25 au 29 janvier 2023 au c\u0153ur des Vosges.","og_url":"https:\/\/arches-papers.com\/fr\/30e-festival-international-du-film-fantastique-de-gerardmer\/","og_site_name":"Arches Papers","article_published_time":"2023-01-10T09:07:11+00:00","article_modified_time":"2023-01-13T08:16:22+00:00","og_image":[{"width":1600,"height":965,"url":"https:\/\/arches-papers.com\/wp-content\/uploads\/2023\/01\/bandeau.jpg","type":"image\/jpeg"}],"author":"Nicolas C","twitter_card":"summary_large_image","twitter_misc":{"\u00c9crit par":"Nicolas C","Dur\u00e9e de lecture estim\u00e9e":"1 minute"},"schema":{"@context":"https:\/\/schema.org","@graph":[{"@type":"Article","@id":"https:\/\/arches-papers.com\/fr\/30e-festival-international-du-film-fantastique-de-gerardmer\/#article","isPartOf":{"@id":"https:\/\/arches-papers.com\/fr\/30e-festival-international-du-film-fantastique-de-gerardmer\/"},"author":{"name":"Nicolas C","@id":"https:\/\/arches-papers.com\/fr\/#\/schema\/person\/2a888d9d97b35de19f649e99dd8716fd"},"headline":"30e Festival International du Film Fantastique de G\u00e9rardmer","datePublished":"2023-01-10T09:07:11+00:00","dateModified":"2023-01-13T08:16:22+00:00","mainEntityOfPage":{"@id":"https:\/\/arches-papers.com\/fr\/30e-festival-international-du-film-fantastique-de-gerardmer\/"},"wordCount":218,"image":{"@id":"https:\/\/arches-papers.com\/fr\/30e-festival-international-du-film-fantastique-de-gerardmer\/#primaryimage"},"thumbnailUrl":"https:\/\/arches-papers.com\/wp-content\/uploads\/2023\/01\/bandeau.jpg","keywords":["Arches","ARCHES paper","ARCHES paper","film fantastique","G\u00e9rardmer"],"articleSection":["Non classifi\u00e9(e)"],"inLanguage":"fr-FR"},{"@type":"WebPage","@id":"https:\/\/arches-papers.com\/fr\/30e-festival-international-du-film-fantastique-de-gerardmer\/","url":"https:\/\/arches-papers.com\/fr\/30e-festival-international-du-film-fantastique-de-gerardmer\/","name":"30e Festival International du Film Fantastique de G\u00e9rardmer - Arches Papers","isPartOf":{"@id":"https:\/\/arches-papers.com\/fr\/#website"},"primaryImageOfPage":{"@id":"https:\/\/arches-papers.com\/fr\/30e-festival-international-du-film-fantastique-de-gerardmer\/#primaryimage"},"image":{"@id":"https:\/\/arches-papers.com\/fr\/30e-festival-international-du-film-fantastique-de-gerardmer\/#primaryimage"},"thumbnailUrl":"https:\/\/arches-papers.com\/wp-content\/uploads\/2023\/01\/bandeau.jpg","datePublished":"2023-01-10T09:07:11+00:00","dateModified":"2023-01-13T08:16:22+00:00","author":{"@id":"https:\/\/arches-papers.com\/fr\/#\/schema\/person\/2a888d9d97b35de19f649e99dd8716fd"},"description":"La 30e \u00e9dition du Festival International du Film Fantastique de G\u00e9rardmer se d\u00e9roulera du 25 au 29 janvier 2023 au c\u0153ur des Vosges.","breadcrumb":{"@id":"https:\/\/arches-papers.com\/fr\/30e-festival-international-du-film-fantastique-de-gerardmer\/#breadcrumb"},"inLanguage":"fr-FR","potentialAction":[{"@type":"ReadAction","target":["https:\/\/arches-papers.com\/fr\/30e-festival-international-du-film-fantastique-de-gerardmer\/"]}]},{"@type":"ImageObject","inLanguage":"fr-FR","@id":"https:\/\/arches-papers.com\/fr\/30e-festival-international-du-film-fantastique-de-gerardmer\/#primaryimage","url":"https:\/\/arches-papers.com\/wp-content\/uploads\/2023\/01\/bandeau.jpg","contentUrl":"https:\/\/arches-papers.com\/wp-content\/uploads\/2023\/01\/bandeau.jpg","width":1600,"height":965},{"@type":"BreadcrumbList","@id":"https:\/\/arches-papers.com\/fr\/30e-festival-international-du-film-fantastique-de-gerardmer\/#breadcrumb","itemListElement":[{"@type":"ListItem","position":1,"name":"Accueil","item":"https:\/\/arches-papers.com\/fr\/"},{"@type":"ListItem","position":2,"name":"30e Festival International du Film Fantastique de G\u00e9rardmer"}]},{"@type":"WebSite","@id":"https:\/\/arches-papers.com\/fr\/#website","url":"https:\/\/arches-papers.com\/fr\/","name":"Arches Papers","description":"Fabricant de papier","potentialAction":[{"@type":"SearchAction","target":{"@type":"EntryPoint","urlTemplate":"https:\/\/arches-papers.com\/fr\/?s={search_term_string}"},"query-input":{"@type":"PropertyValueSpecification","valueRequired":true,"valueName":"search_term_string"}}],"inLanguage":"fr-FR"},{"@type":"Person","@id":"https:\/\/arches-papers.com\/fr\/#\/schema\/person\/2a888d9d97b35de19f649e99dd8716fd","name":"Nicolas C","image":{"@type":"ImageObject","inLanguage":"fr-FR","@id":"https:\/\/arches-papers.com\/fr\/#\/schema\/person\/image\/","url":"https:\/\/secure.gravatar.com\/avatar\/32b8ee9d4ceac83e6cfc8e4c5da7abf4a3d553074d8b9a056d2f9479e9cc0b90?s=96&d=mm&r=g","contentUrl":"https:\/\/secure.gravatar.com\/avatar\/32b8ee9d4ceac83e6cfc8e4c5da7abf4a3d553074d8b9a056d2f9479e9cc0b90?s=96&d=mm&r=g","caption":"Nicolas C"},"url":"https:\/\/arches-papers.com\/fr\/author\/nicolasche-n\/"}]}},"_links":{"self":[{"href":"https:\/\/arches-papers.com\/fr\/wp-json\/wp\/v2\/posts\/39979","targetHints":{"allow":["GET"]}}],"collection":[{"href":"https:\/\/arches-papers.com\/fr\/wp-json\/wp\/v2\/posts"}],"about":[{"href":"https:\/\/arches-papers.com\/fr\/wp-json\/wp\/v2\/types\/post"}],"author":[{"embeddable":true,"href":"https:\/\/arches-papers.com\/fr\/wp-json\/wp\/v2\/users\/18"}],"replies":[{"embeddable":true,"href":"https:\/\/arches-papers.com\/fr\/wp-json\/wp\/v2\/comments?post=39979"}],"version-history":[{"count":0,"href":"https:\/\/arches-papers.com\/fr\/wp-json\/wp\/v2\/posts\/39979\/revisions"}],"wp:featuredmedia":[{"embeddable":true,"href":"https:\/\/arches-papers.com\/fr\/wp-json\/wp\/v2\/media\/39990"}],"wp:attachment":[{"href":"https:\/\/arches-papers.com\/fr\/wp-json\/wp\/v2\/media?parent=39979"}],"wp:term":[{"taxonomy":"category","embeddable":true,"href":"https:\/\/arches-papers.com\/fr\/wp-json\/wp\/v2\/categories?post=39979"},{"taxonomy":"post_tag","embeddable":true,"href":"https:\/\/arches-papers.com\/fr\/wp-json\/wp\/v2\/tags?post=39979"}],"curies":[{"name":"wp","href":"https:\/\/api.w.org\/{rel}","templated":true}]}}