{"id":40995,"date":"2023-04-27T17:34:45","date_gmt":"2023-04-27T15:34:45","guid":{"rendered":"https:\/\/arches-papers.com\/?p=40995"},"modified":"2024-02-02T16:33:22","modified_gmt":"2024-02-02T15:33:22","slug":"exposition-de-photographies-de-bruno-paccard","status":"publish","type":"post","link":"https:\/\/arches-papers.com\/fr\/exposition-de-photographies-de-bruno-paccard\/","title":{"rendered":"Exposition de photographies de Bruno Paccard"},"content":{"rendered":"<div class=\"wpb-content-wrapper\"><p>[vc_row][vc_column width=&#8221;1\/3&#8243;][vc_single_image image=&#8221;41020&#8243; img_size=&#8221;400&#215;400&#8243;][vc_empty_space][\/vc_column][vc_column width=&#8221;2\/3&#8243;][vc_column_text]<strong>Du 28 avril au 16 septembre 2023, les Archives municipales de Lyon organisent une exposition r\u00e9trospective des photographies de Bruno Paccard intitul\u00e9e \u00ab Des mati\u00e8res et des atmosph\u00e8res \u00bb. <\/strong><\/p>\n<p>L\u2019exposition, met en lumi\u00e8re l\u2019univers infini et sensible du photographe, fruit de ses rencontres intuitives avec la mati\u00e8re et les \u00eatres dans leur fragilit\u00e9 face au passage du temps. Les diff\u00e9rentes th\u00e9matiques de l\u2019exposition sont pens\u00e9es dans un parcours coh\u00e9rent pour composer des univers narratifs sobres et subjectifs o\u00f9 chacune des photographies s\u2019arroge, dans son espace, une existence propre.[\/vc_column_text][vc_empty_space][\/vc_column][\/vc_row][vc_row][vc_column][vc_column_text]Bruno Paccard est un photographe ind\u00e9pendant lyonnais, originaire de Nice.<\/p>\n<blockquote><p>\u00ab J\u2019ai aim\u00e9 la photo en fr\u00e9quentant un photographe du journal Nice Matin \u00e0 Nice ou j\u2019\u00e9tais simple coursier. Il a install\u00e9 chez moi agrandisseur, cuves pour le Noir et Blanc et avec un Rolleiflex, j\u2019allais photographier, \u00e9quipes de foot, courses de chevaux, mariages, vedettes de cin\u00e9ma. \u00bb<\/p><\/blockquote>\n<p>Pour Bruno Paccard, le geste photographique, cet instant \u00e9ph\u00e9m\u00e8re, est un devoir de m\u00e9moire contre la disparition et l&#8217;oubli des \u00eatres et de la mati\u00e8re.[\/vc_column_text][\/vc_column][\/vc_row][vc_row][vc_column][vc_empty_space][vc_single_image image=&#8221;41027&#8243; img_size=&#8221;full&#8221; alignment=&#8221;center&#8221;][vc_column_text]<\/p>\n<p style=\"text-align: center;\"><span style=\"font-size: 14px;\"><em>\u00ae Bruno Paccard &#8211; Yoyo : bouteille avec un collage d\u2019Ernest Pignon-Ernest, 2012, Lyon, prison Saint-Paul, photographie num\u00e9rique sur papier ARCHES\u00ae BFK Rives White 310 g\/m\u00b2.<\/em><\/span><\/p>\n<p>[\/vc_column_text][vc_empty_space][\/vc_column][\/vc_row][vc_row][vc_column][vc_single_image image=&#8221;40999&#8243; img_size=&#8221;full&#8221; alignment=&#8221;center&#8221;][vc_empty_space][vc_column_text]<\/p>\n<p style=\"font-weight: 400;\"><a href=\"https:\/\/arches-papers.com\/fr\/la-gamme-papiers-arches\/edition-dart-photographique\/impression-numerique\/arches-bfk-rives-white-impression-numerique\/\">ARCHES BFK RIVES\u00ae White (IMPRESSION NUM\u00c9RIQUE) &#8211; Arches Papers (arches-papers.com)<\/a><\/p>\n<p style=\"font-weight: 400;\"><a href=\"https:\/\/www.bruno-paccard.com\/\" target=\"_blank\" rel=\"noopener noreferrer\">Bruno Paccard Photographies d&#8217;Art Lyon (bruno-paccard.com)<\/a><\/p>\n<p style=\"font-weight: 400;\"><a href=\"http:\/\/www.archives-lyon.fr\/\" target=\"_blank\" rel=\"noopener noreferrer\">www.archives-lyon.fr<\/a><\/p>\n<p>[\/vc_column_text][vc_empty_space][\/vc_column][\/vc_row]<\/p>\n<\/div>","protected":false},"excerpt":{"rendered":"Du 28 avril au 16 septembre 2023, les Archives municipales de Lyon organisent une exposition r\u00e9trospective des photographies de Bruno Paccard intitul\u00e9e \u00ab Des mati\u00e8res et des atmosph\u00e8res \u00bb. ","protected":false},"author":18,"featured_media":41013,"comment_status":"closed","ping_status":"closed","sticky":false,"template":"","format":"standard","meta":{"footnotes":""},"categories":[461],"tags":[],"class_list":["post-40995","post","type-post","status-publish","format-standard","has-post-thumbnail","hentry","category-non-classifiee-fr"],"yoast_head":"<!-- This site is optimized with the Yoast SEO plugin v27.1.1 - https:\/\/yoast.com\/product\/yoast-seo-wordpress\/ -->\n<title>Exposition Bruno Paccard aux Archives municipales de Lyon<\/title>\n<meta name=\"description\" content=\"Du 28 avril au 16 septembre 2023, les Archives municipales de Lyon organisent une exposition r\u00e9trospective des photographies de Bruno Paccard.\" \/>\n<meta name=\"robots\" content=\"index, follow, max-snippet:-1, max-image-preview:large, max-video-preview:-1\" \/>\n<link rel=\"canonical\" href=\"https:\/\/arches-papers.com\/fr\/exposition-de-photographies-de-bruno-paccard\/\" \/>\n<meta property=\"og:locale\" content=\"fr_FR\" \/>\n<meta property=\"og:type\" content=\"article\" \/>\n<meta property=\"og:title\" content=\"Exposition Bruno Paccard aux Archives municipales de Lyon\" \/>\n<meta property=\"og:description\" content=\"Du 28 avril au 16 septembre 2023, les Archives municipales de Lyon organisent une exposition r\u00e9trospective des photographies de Bruno Paccard.\" \/>\n<meta property=\"og:url\" content=\"https:\/\/arches-papers.com\/fr\/exposition-de-photographies-de-bruno-paccard\/\" \/>\n<meta property=\"og:site_name\" content=\"Arches Papers\" \/>\n<meta property=\"article:published_time\" content=\"2023-04-27T15:34:45+00:00\" \/>\n<meta property=\"article:modified_time\" content=\"2024-02-02T15:33:22+00:00\" \/>\n<meta property=\"og:image\" content=\"https:\/\/arches-papers.com\/wp-content\/uploads\/2023\/04\/bandeau.jpg\" \/>\n\t<meta property=\"og:image:width\" content=\"1442\" \/>\n\t<meta property=\"og:image:height\" content=\"1175\" \/>\n\t<meta property=\"og:image:type\" content=\"image\/jpeg\" \/>\n<meta name=\"author\" content=\"Nicolas C\" \/>\n<meta name=\"twitter:card\" content=\"summary_large_image\" \/>\n<meta name=\"twitter:label1\" content=\"\u00c9crit par\" \/>\n\t<meta name=\"twitter:data1\" content=\"Nicolas C\" \/>\n\t<meta name=\"twitter:label2\" content=\"Dur\u00e9e de lecture estim\u00e9e\" \/>\n\t<meta name=\"twitter:data2\" content=\"2 minutes\" \/>\n<script type=\"application\/ld+json\" class=\"yoast-schema-graph\">{\"@context\":\"https:\/\/schema.org\",\"@graph\":[{\"@type\":\"Article\",\"@id\":\"https:\/\/arches-papers.com\/fr\/exposition-de-photographies-de-bruno-paccard\/#article\",\"isPartOf\":{\"@id\":\"https:\/\/arches-papers.com\/fr\/exposition-de-photographies-de-bruno-paccard\/\"},\"author\":{\"name\":\"Nicolas C\",\"@id\":\"https:\/\/arches-papers.com\/fr\/#\/schema\/person\/2a888d9d97b35de19f649e99dd8716fd\"},\"headline\":\"Exposition de photographies de Bruno Paccard\",\"datePublished\":\"2023-04-27T15:34:45+00:00\",\"dateModified\":\"2024-02-02T15:33:22+00:00\",\"mainEntityOfPage\":{\"@id\":\"https:\/\/arches-papers.com\/fr\/exposition-de-photographies-de-bruno-paccard\/\"},\"wordCount\":347,\"image\":{\"@id\":\"https:\/\/arches-papers.com\/fr\/exposition-de-photographies-de-bruno-paccard\/#primaryimage\"},\"thumbnailUrl\":\"https:\/\/arches-papers.com\/wp-content\/uploads\/2023\/04\/bandeau.jpg\",\"articleSection\":[\"Non classifi\u00e9(e)\"],\"inLanguage\":\"fr-FR\"},{\"@type\":\"WebPage\",\"@id\":\"https:\/\/arches-papers.com\/fr\/exposition-de-photographies-de-bruno-paccard\/\",\"url\":\"https:\/\/arches-papers.com\/fr\/exposition-de-photographies-de-bruno-paccard\/\",\"name\":\"Exposition Bruno Paccard aux Archives municipales de Lyon\",\"isPartOf\":{\"@id\":\"https:\/\/arches-papers.com\/fr\/#website\"},\"primaryImageOfPage\":{\"@id\":\"https:\/\/arches-papers.com\/fr\/exposition-de-photographies-de-bruno-paccard\/#primaryimage\"},\"image\":{\"@id\":\"https:\/\/arches-papers.com\/fr\/exposition-de-photographies-de-bruno-paccard\/#primaryimage\"},\"thumbnailUrl\":\"https:\/\/arches-papers.com\/wp-content\/uploads\/2023\/04\/bandeau.jpg\",\"datePublished\":\"2023-04-27T15:34:45+00:00\",\"dateModified\":\"2024-02-02T15:33:22+00:00\",\"author\":{\"@id\":\"https:\/\/arches-papers.com\/fr\/#\/schema\/person\/2a888d9d97b35de19f649e99dd8716fd\"},\"description\":\"Du 28 avril au 16 septembre 2023, les Archives municipales de Lyon organisent une exposition r\u00e9trospective des photographies de Bruno Paccard.\",\"breadcrumb\":{\"@id\":\"https:\/\/arches-papers.com\/fr\/exposition-de-photographies-de-bruno-paccard\/#breadcrumb\"},\"inLanguage\":\"fr-FR\",\"potentialAction\":[{\"@type\":\"ReadAction\",\"target\":[\"https:\/\/arches-papers.com\/fr\/exposition-de-photographies-de-bruno-paccard\/\"]}]},{\"@type\":\"ImageObject\",\"inLanguage\":\"fr-FR\",\"@id\":\"https:\/\/arches-papers.com\/fr\/exposition-de-photographies-de-bruno-paccard\/#primaryimage\",\"url\":\"https:\/\/arches-papers.com\/wp-content\/uploads\/2023\/04\/bandeau.jpg\",\"contentUrl\":\"https:\/\/arches-papers.com\/wp-content\/uploads\/2023\/04\/bandeau.jpg\",\"width\":1442,\"height\":1175,\"caption\":\"Exposition de photographies de Bruno Paccard\"},{\"@type\":\"BreadcrumbList\",\"@id\":\"https:\/\/arches-papers.com\/fr\/exposition-de-photographies-de-bruno-paccard\/#breadcrumb\",\"itemListElement\":[{\"@type\":\"ListItem\",\"position\":1,\"name\":\"Accueil\",\"item\":\"https:\/\/arches-papers.com\/fr\/\"},{\"@type\":\"ListItem\",\"position\":2,\"name\":\"Exposition de photographies de Bruno Paccard\"}]},{\"@type\":\"WebSite\",\"@id\":\"https:\/\/arches-papers.com\/fr\/#website\",\"url\":\"https:\/\/arches-papers.com\/fr\/\",\"name\":\"Arches Papers\",\"description\":\"Fabricant de papier\",\"potentialAction\":[{\"@type\":\"SearchAction\",\"target\":{\"@type\":\"EntryPoint\",\"urlTemplate\":\"https:\/\/arches-papers.com\/fr\/?s={search_term_string}\"},\"query-input\":{\"@type\":\"PropertyValueSpecification\",\"valueRequired\":true,\"valueName\":\"search_term_string\"}}],\"inLanguage\":\"fr-FR\"},{\"@type\":\"Person\",\"@id\":\"https:\/\/arches-papers.com\/fr\/#\/schema\/person\/2a888d9d97b35de19f649e99dd8716fd\",\"name\":\"Nicolas C\",\"image\":{\"@type\":\"ImageObject\",\"inLanguage\":\"fr-FR\",\"@id\":\"https:\/\/arches-papers.com\/fr\/#\/schema\/person\/image\/\",\"url\":\"https:\/\/secure.gravatar.com\/avatar\/32b8ee9d4ceac83e6cfc8e4c5da7abf4a3d553074d8b9a056d2f9479e9cc0b90?s=96&d=mm&r=g\",\"contentUrl\":\"https:\/\/secure.gravatar.com\/avatar\/32b8ee9d4ceac83e6cfc8e4c5da7abf4a3d553074d8b9a056d2f9479e9cc0b90?s=96&d=mm&r=g\",\"caption\":\"Nicolas C\"},\"url\":\"https:\/\/arches-papers.com\/fr\/author\/nicolasche-n\/\"}]}<\/script>\n<!-- \/ Yoast SEO plugin. -->","yoast_head_json":{"title":"Exposition Bruno Paccard aux Archives municipales de Lyon","description":"Du 28 avril au 16 septembre 2023, les Archives municipales de Lyon organisent une exposition r\u00e9trospective des photographies de Bruno Paccard.","robots":{"index":"index","follow":"follow","max-snippet":"max-snippet:-1","max-image-preview":"max-image-preview:large","max-video-preview":"max-video-preview:-1"},"canonical":"https:\/\/arches-papers.com\/fr\/exposition-de-photographies-de-bruno-paccard\/","og_locale":"fr_FR","og_type":"article","og_title":"Exposition Bruno Paccard aux Archives municipales de Lyon","og_description":"Du 28 avril au 16 septembre 2023, les Archives municipales de Lyon organisent une exposition r\u00e9trospective des photographies de Bruno Paccard.","og_url":"https:\/\/arches-papers.com\/fr\/exposition-de-photographies-de-bruno-paccard\/","og_site_name":"Arches Papers","article_published_time":"2023-04-27T15:34:45+00:00","article_modified_time":"2024-02-02T15:33:22+00:00","og_image":[{"width":1442,"height":1175,"url":"https:\/\/arches-papers.com\/wp-content\/uploads\/2023\/04\/bandeau.jpg","type":"image\/jpeg"}],"author":"Nicolas C","twitter_card":"summary_large_image","twitter_misc":{"\u00c9crit par":"Nicolas C","Dur\u00e9e de lecture estim\u00e9e":"2 minutes"},"schema":{"@context":"https:\/\/schema.org","@graph":[{"@type":"Article","@id":"https:\/\/arches-papers.com\/fr\/exposition-de-photographies-de-bruno-paccard\/#article","isPartOf":{"@id":"https:\/\/arches-papers.com\/fr\/exposition-de-photographies-de-bruno-paccard\/"},"author":{"name":"Nicolas C","@id":"https:\/\/arches-papers.com\/fr\/#\/schema\/person\/2a888d9d97b35de19f649e99dd8716fd"},"headline":"Exposition de photographies de Bruno Paccard","datePublished":"2023-04-27T15:34:45+00:00","dateModified":"2024-02-02T15:33:22+00:00","mainEntityOfPage":{"@id":"https:\/\/arches-papers.com\/fr\/exposition-de-photographies-de-bruno-paccard\/"},"wordCount":347,"image":{"@id":"https:\/\/arches-papers.com\/fr\/exposition-de-photographies-de-bruno-paccard\/#primaryimage"},"thumbnailUrl":"https:\/\/arches-papers.com\/wp-content\/uploads\/2023\/04\/bandeau.jpg","articleSection":["Non classifi\u00e9(e)"],"inLanguage":"fr-FR"},{"@type":"WebPage","@id":"https:\/\/arches-papers.com\/fr\/exposition-de-photographies-de-bruno-paccard\/","url":"https:\/\/arches-papers.com\/fr\/exposition-de-photographies-de-bruno-paccard\/","name":"Exposition Bruno Paccard aux Archives municipales de Lyon","isPartOf":{"@id":"https:\/\/arches-papers.com\/fr\/#website"},"primaryImageOfPage":{"@id":"https:\/\/arches-papers.com\/fr\/exposition-de-photographies-de-bruno-paccard\/#primaryimage"},"image":{"@id":"https:\/\/arches-papers.com\/fr\/exposition-de-photographies-de-bruno-paccard\/#primaryimage"},"thumbnailUrl":"https:\/\/arches-papers.com\/wp-content\/uploads\/2023\/04\/bandeau.jpg","datePublished":"2023-04-27T15:34:45+00:00","dateModified":"2024-02-02T15:33:22+00:00","author":{"@id":"https:\/\/arches-papers.com\/fr\/#\/schema\/person\/2a888d9d97b35de19f649e99dd8716fd"},"description":"Du 28 avril au 16 septembre 2023, les Archives municipales de Lyon organisent une exposition r\u00e9trospective des photographies de Bruno Paccard.","breadcrumb":{"@id":"https:\/\/arches-papers.com\/fr\/exposition-de-photographies-de-bruno-paccard\/#breadcrumb"},"inLanguage":"fr-FR","potentialAction":[{"@type":"ReadAction","target":["https:\/\/arches-papers.com\/fr\/exposition-de-photographies-de-bruno-paccard\/"]}]},{"@type":"ImageObject","inLanguage":"fr-FR","@id":"https:\/\/arches-papers.com\/fr\/exposition-de-photographies-de-bruno-paccard\/#primaryimage","url":"https:\/\/arches-papers.com\/wp-content\/uploads\/2023\/04\/bandeau.jpg","contentUrl":"https:\/\/arches-papers.com\/wp-content\/uploads\/2023\/04\/bandeau.jpg","width":1442,"height":1175,"caption":"Exposition de photographies de Bruno Paccard"},{"@type":"BreadcrumbList","@id":"https:\/\/arches-papers.com\/fr\/exposition-de-photographies-de-bruno-paccard\/#breadcrumb","itemListElement":[{"@type":"ListItem","position":1,"name":"Accueil","item":"https:\/\/arches-papers.com\/fr\/"},{"@type":"ListItem","position":2,"name":"Exposition de photographies de Bruno Paccard"}]},{"@type":"WebSite","@id":"https:\/\/arches-papers.com\/fr\/#website","url":"https:\/\/arches-papers.com\/fr\/","name":"Arches Papers","description":"Fabricant de papier","potentialAction":[{"@type":"SearchAction","target":{"@type":"EntryPoint","urlTemplate":"https:\/\/arches-papers.com\/fr\/?s={search_term_string}"},"query-input":{"@type":"PropertyValueSpecification","valueRequired":true,"valueName":"search_term_string"}}],"inLanguage":"fr-FR"},{"@type":"Person","@id":"https:\/\/arches-papers.com\/fr\/#\/schema\/person\/2a888d9d97b35de19f649e99dd8716fd","name":"Nicolas C","image":{"@type":"ImageObject","inLanguage":"fr-FR","@id":"https:\/\/arches-papers.com\/fr\/#\/schema\/person\/image\/","url":"https:\/\/secure.gravatar.com\/avatar\/32b8ee9d4ceac83e6cfc8e4c5da7abf4a3d553074d8b9a056d2f9479e9cc0b90?s=96&d=mm&r=g","contentUrl":"https:\/\/secure.gravatar.com\/avatar\/32b8ee9d4ceac83e6cfc8e4c5da7abf4a3d553074d8b9a056d2f9479e9cc0b90?s=96&d=mm&r=g","caption":"Nicolas C"},"url":"https:\/\/arches-papers.com\/fr\/author\/nicolasche-n\/"}]}},"_links":{"self":[{"href":"https:\/\/arches-papers.com\/fr\/wp-json\/wp\/v2\/posts\/40995","targetHints":{"allow":["GET"]}}],"collection":[{"href":"https:\/\/arches-papers.com\/fr\/wp-json\/wp\/v2\/posts"}],"about":[{"href":"https:\/\/arches-papers.com\/fr\/wp-json\/wp\/v2\/types\/post"}],"author":[{"embeddable":true,"href":"https:\/\/arches-papers.com\/fr\/wp-json\/wp\/v2\/users\/18"}],"replies":[{"embeddable":true,"href":"https:\/\/arches-papers.com\/fr\/wp-json\/wp\/v2\/comments?post=40995"}],"version-history":[{"count":0,"href":"https:\/\/arches-papers.com\/fr\/wp-json\/wp\/v2\/posts\/40995\/revisions"}],"wp:featuredmedia":[{"embeddable":true,"href":"https:\/\/arches-papers.com\/fr\/wp-json\/wp\/v2\/media\/41013"}],"wp:attachment":[{"href":"https:\/\/arches-papers.com\/fr\/wp-json\/wp\/v2\/media?parent=40995"}],"wp:term":[{"taxonomy":"category","embeddable":true,"href":"https:\/\/arches-papers.com\/fr\/wp-json\/wp\/v2\/categories?post=40995"},{"taxonomy":"post_tag","embeddable":true,"href":"https:\/\/arches-papers.com\/fr\/wp-json\/wp\/v2\/tags?post=40995"}],"curies":[{"name":"wp","href":"https:\/\/api.w.org\/{rel}","templated":true}]}}