{"id":41228,"date":"2023-05-23T16:58:39","date_gmt":"2023-05-23T14:58:39","guid":{"rendered":"https:\/\/arches-papers.com\/?p=41228"},"modified":"2024-02-02T16:35:56","modified_gmt":"2024-02-02T15:35:56","slug":"exposition-grabados-dhier-et-daujourdhui","status":"publish","type":"post","link":"https:\/\/arches-papers.com\/fr\/exposition-grabados-dhier-et-daujourdhui\/","title":{"rendered":"Grabados d\u2019hier et d\u2019aujourd\u2019hui"},"content":{"rendered":"<div class=\"wpb-content-wrapper\"><p>[vc_row][vc_column][vc_column_text]<strong>L\u2019exposition Pointe &amp; burin 2023, intitul\u00e9e Grabados d\u2019hier et d\u2019aujourd\u2019hui, se tiendra du 25 mai au 17 juin \u00e0 la Fondation Taylor \u00e0 Paris. Cette exposition est consacr\u00e9e au monde hispanique et met en lumi\u00e8re des graveurs contemporains tout en rendant hommage \u00e0 leurs pr\u00e9d\u00e9cesseurs.<\/strong><\/p>\n<p>L\u2019invit\u00e9 d\u2019honneur de cette exposition est Pablo Flaiszman. Il sera entour\u00e9 de onze graveurs espagnols et d\u2019Am\u00e9rique latine : Carlos Lopez Juan de Nubes, Consuelo Barbosa, Fernando Aceves Humana, Gloria Alonso, Jose San Martin, Leon Garreaud de Mainvilliers, Maria Chillon, Miguel Cond\u00e9, Ra\u00fal Villullas et Ximena de Leon Lucero. Une vingtaine d\u2019autres graveurs seront \u00e9galement pr\u00e9sents.<\/p>\n<p><strong>Pablo Flaiszman<\/strong><br \/>\nN\u00e9 le 28 ao\u00fbt 1970 \u00e0 Buenos Aires, c\u2019est en Argentine, dans son pays d\u2019origine, que Pablo Flaiszman effectue ses \u00e9tudes de peinture aupr\u00e8s de Luisa Reisner. En 1997 Alfredo de Vincenzo l\u2019initie \u00e0 la gravure. En 2000, il s\u2019installe \u00e0 Paris o\u00f9 il poursuit sa recherche artistique. Apr\u00e8s avoir partag\u00e9 les ateliers d\u2019autres artistes comme Bo Halbirk et Sylvie Ab\u00e9lanet, il s\u2019installe dans son propre atelier du 18\u00e8 arrondissement en 2015.<\/p>\n<p>\u00c0 l\u2019eau-forte ou l\u2019aquatinte, les gravures de Pablo Flaiszman reposent sur un jeu de contraste entre les ombres et la lumi\u00e8re. Il met en image des sc\u00e8nes du quotidien, tout en cr\u00e9ant une atmosph\u00e8re \u00e9nigmatique, proche de l\u2019univers du polar. L\u2019autoportrait est l\u2019une de ses th\u00e9matiques de pr\u00e9dilection.<\/p>\n<p>Laur\u00e9at de nombreux prix, depuis 2010 il multiplie les expositions en solo, en duo, ou sein de collectifs \u00e0 travers le monde. Ses \u0153uvres font parties de collections en Europe et en Am\u00e9rique latine.[\/vc_column_text][vc_empty_space][\/vc_column][\/vc_row][vc_row][vc_column][vc_single_image image=&#8221;41260&#8243; img_size=&#8221;full&#8221; alignment=&#8221;center&#8221;][vc_column_text]<\/p>\n<p style=\"text-align: center;\"><span style=\"font-size: 14px;\"><em>Pablo Flaiszman &#8211; Autoportrait au pamplemousse &#8211; Eau-forte, aquatinte 60 x 80 cm \u2013 2023<\/em><\/span><\/p>\n<p>[\/vc_column_text][vc_empty_space][vc_column_text]L\u2019exposition rendra un hommage \u00e0 Francisco Goya et Jos\u00e9 Hern\u00e1ndez. D\u2019autres ma\u00eetres de l\u2019estampe seront \u00e9galement expos\u00e9s : Jos\u00e9 de Ribera, Luis Felipe-Vicente Jou i Senabre, dit Louis Jou, Rodrigo Barrientos et Enrique Marin.[\/vc_column_text][vc_empty_space][vc_single_image image=&#8221;41246&#8243; img_size=&#8221;full&#8221; alignment=&#8221;center&#8221;][vc_column_text]<\/p>\n<p style=\"text-align: center;\"><span style=\"font-size: 14px;\"><em>Francisco Goya &#8211; Otras leyes por el pueblo &#8211; Eau-forte, aquatinte, brunissoir et pointe s\u00e8che 24x 35 cm <\/em><\/span><\/p>\n<p>[\/vc_column_text][vc_empty_space][vc_single_image image=&#8221;41253&#8243; img_size=&#8221;full&#8221; alignment=&#8221;center&#8221;][vc_column_text]<\/p>\n<p style=\"text-align: center;\"><span style=\"font-size: 14px;\"><em>Jos\u00e9 Hernandez &#8211; Grotesque &#8211; Eau-forte &#8211; 35 x 50 cm &#8211; 1999<\/em><\/span><\/p>\n<p>[\/vc_column_text][vc_empty_space][vc_column_text]Les deux nouvelles planches de souscription pour 2023 seront r\u00e9alis\u00e9es par Pablo Flaiszman et Ra\u00fal Villullas.[\/vc_column_text][vc_empty_space][vc_single_image image=&#8221;41239&#8243; img_size=&#8221;full&#8221; alignment=&#8221;center&#8221;][vc_column_text]<\/p>\n<p style=\"text-align: center;\"><span style=\"font-size: 14px;\"><em>Ra\u00fal Villullas &#8211; Le chant des oiseaux &#8211; Gravure sur bois &#8211; 24 x 30 cm \u2013 2023<\/em><\/span><\/p>\n<p>[\/vc_column_text][vc_empty_space][\/vc_column][\/vc_row][vc_row][vc_column][vc_column_text]ARCHES\u00ae, par l\u2019interm\u00e9diaire de son distributeur Antalis, est partenaire de cet \u00e9v\u00e9nement.<\/p>\n<p><a href=\"http:\/\/www.pointe-et-burin.fr\/\" target=\"_blank\" rel=\"noopener noreferrer\">www.pointe-et-burin.fr<\/a><\/p>\n<p><a href=\"http:\/\/www.taylor.fr\/\" target=\"_blank\" rel=\"noopener noreferrer\">www.taylor.fr<\/a>[\/vc_column_text][vc_empty_space][\/vc_column][\/vc_row]<\/p>\n<\/div>","protected":false},"excerpt":{"rendered":"L\u2019exposition Pointe &#038; burin 2023, intitul\u00e9e Grabados d\u2019hier et d\u2019aujourd\u2019hui, se tiendra du 25 mai au 17 juin \u00e0 la Fondation Taylor \u00e0 Paris. Cette exposition est consacr\u00e9e au monde hispanique et met en lumi\u00e8re des graveurs contemporains tout en rendant hommage \u00e0 leurs pr\u00e9d\u00e9cesseurs.","protected":false},"author":18,"featured_media":41232,"comment_status":"closed","ping_status":"closed","sticky":false,"template":"","format":"standard","meta":{"footnotes":""},"categories":[461],"tags":[],"class_list":["post-41228","post","type-post","status-publish","format-standard","has-post-thumbnail","hentry","category-non-classifiee-fr"],"yoast_head":"<!-- This site is optimized with the Yoast SEO plugin v27.1.1 - https:\/\/yoast.com\/product\/yoast-seo-wordpress\/ -->\n<title>Exposition Grabados organis\u00e9e par Pointe &amp; Burin<\/title>\n<meta name=\"description\" content=\"L\u2019exposition Pointe &amp; burin 2023, intitul\u00e9e Grabados d\u2019hier et d\u2019aujourd\u2019hui, se tiendra du 25 mai au 17 juin \u00e0 la Fondation Taylor \u00e0 Paris.\" \/>\n<meta name=\"robots\" content=\"index, follow, max-snippet:-1, max-image-preview:large, max-video-preview:-1\" \/>\n<link rel=\"canonical\" href=\"https:\/\/arches-papers.com\/fr\/exposition-grabados-dhier-et-daujourdhui\/\" \/>\n<meta property=\"og:locale\" content=\"fr_FR\" \/>\n<meta property=\"og:type\" content=\"article\" \/>\n<meta property=\"og:title\" content=\"Exposition Grabados organis\u00e9e par Pointe &amp; Burin\" \/>\n<meta property=\"og:description\" content=\"L\u2019exposition Pointe &amp; burin 2023, intitul\u00e9e Grabados d\u2019hier et d\u2019aujourd\u2019hui, se tiendra du 25 mai au 17 juin \u00e0 la Fondation Taylor \u00e0 Paris.\" \/>\n<meta property=\"og:url\" content=\"https:\/\/arches-papers.com\/fr\/exposition-grabados-dhier-et-daujourdhui\/\" \/>\n<meta property=\"og:site_name\" content=\"Arches Papers\" \/>\n<meta property=\"article:published_time\" content=\"2023-05-23T14:58:39+00:00\" \/>\n<meta property=\"article:modified_time\" content=\"2024-02-02T15:35:56+00:00\" \/>\n<meta property=\"og:image\" content=\"https:\/\/arches-papers.com\/wp-content\/uploads\/2023\/05\/bandeau.png\" \/>\n\t<meta property=\"og:image:width\" content=\"606\" \/>\n\t<meta property=\"og:image:height\" content=\"506\" \/>\n\t<meta property=\"og:image:type\" content=\"image\/png\" \/>\n<meta name=\"author\" content=\"Nicolas C\" \/>\n<meta name=\"twitter:card\" content=\"summary_large_image\" \/>\n<meta name=\"twitter:label1\" content=\"\u00c9crit par\" \/>\n\t<meta name=\"twitter:data1\" content=\"Nicolas C\" \/>\n\t<meta name=\"twitter:label2\" content=\"Dur\u00e9e de lecture estim\u00e9e\" \/>\n\t<meta name=\"twitter:data2\" content=\"3 minutes\" \/>\n<script type=\"application\/ld+json\" class=\"yoast-schema-graph\">{\"@context\":\"https:\/\/schema.org\",\"@graph\":[{\"@type\":\"Article\",\"@id\":\"https:\/\/arches-papers.com\/fr\/exposition-grabados-dhier-et-daujourdhui\/#article\",\"isPartOf\":{\"@id\":\"https:\/\/arches-papers.com\/fr\/exposition-grabados-dhier-et-daujourdhui\/\"},\"author\":{\"name\":\"Nicolas C\",\"@id\":\"https:\/\/arches-papers.com\/fr\/#\/schema\/person\/2a888d9d97b35de19f649e99dd8716fd\"},\"headline\":\"Grabados d\u2019hier et d\u2019aujourd\u2019hui\",\"datePublished\":\"2023-05-23T14:58:39+00:00\",\"dateModified\":\"2024-02-02T15:35:56+00:00\",\"mainEntityOfPage\":{\"@id\":\"https:\/\/arches-papers.com\/fr\/exposition-grabados-dhier-et-daujourdhui\/\"},\"wordCount\":547,\"image\":{\"@id\":\"https:\/\/arches-papers.com\/fr\/exposition-grabados-dhier-et-daujourdhui\/#primaryimage\"},\"thumbnailUrl\":\"https:\/\/arches-papers.com\/wp-content\/uploads\/2023\/05\/bandeau.png\",\"articleSection\":[\"Non classifi\u00e9(e)\"],\"inLanguage\":\"fr-FR\"},{\"@type\":\"WebPage\",\"@id\":\"https:\/\/arches-papers.com\/fr\/exposition-grabados-dhier-et-daujourdhui\/\",\"url\":\"https:\/\/arches-papers.com\/fr\/exposition-grabados-dhier-et-daujourdhui\/\",\"name\":\"Exposition Grabados organis\u00e9e par Pointe & Burin\",\"isPartOf\":{\"@id\":\"https:\/\/arches-papers.com\/fr\/#website\"},\"primaryImageOfPage\":{\"@id\":\"https:\/\/arches-papers.com\/fr\/exposition-grabados-dhier-et-daujourdhui\/#primaryimage\"},\"image\":{\"@id\":\"https:\/\/arches-papers.com\/fr\/exposition-grabados-dhier-et-daujourdhui\/#primaryimage\"},\"thumbnailUrl\":\"https:\/\/arches-papers.com\/wp-content\/uploads\/2023\/05\/bandeau.png\",\"datePublished\":\"2023-05-23T14:58:39+00:00\",\"dateModified\":\"2024-02-02T15:35:56+00:00\",\"author\":{\"@id\":\"https:\/\/arches-papers.com\/fr\/#\/schema\/person\/2a888d9d97b35de19f649e99dd8716fd\"},\"description\":\"L\u2019exposition Pointe & burin 2023, intitul\u00e9e Grabados d\u2019hier et d\u2019aujourd\u2019hui, se tiendra du 25 mai au 17 juin \u00e0 la Fondation Taylor \u00e0 Paris.\",\"breadcrumb\":{\"@id\":\"https:\/\/arches-papers.com\/fr\/exposition-grabados-dhier-et-daujourdhui\/#breadcrumb\"},\"inLanguage\":\"fr-FR\",\"potentialAction\":[{\"@type\":\"ReadAction\",\"target\":[\"https:\/\/arches-papers.com\/fr\/exposition-grabados-dhier-et-daujourdhui\/\"]}]},{\"@type\":\"ImageObject\",\"inLanguage\":\"fr-FR\",\"@id\":\"https:\/\/arches-papers.com\/fr\/exposition-grabados-dhier-et-daujourdhui\/#primaryimage\",\"url\":\"https:\/\/arches-papers.com\/wp-content\/uploads\/2023\/05\/bandeau.png\",\"contentUrl\":\"https:\/\/arches-papers.com\/wp-content\/uploads\/2023\/05\/bandeau.png\",\"width\":606,\"height\":506,\"caption\":\"Exposition Grabados\"},{\"@type\":\"BreadcrumbList\",\"@id\":\"https:\/\/arches-papers.com\/fr\/exposition-grabados-dhier-et-daujourdhui\/#breadcrumb\",\"itemListElement\":[{\"@type\":\"ListItem\",\"position\":1,\"name\":\"Accueil\",\"item\":\"https:\/\/arches-papers.com\/fr\/\"},{\"@type\":\"ListItem\",\"position\":2,\"name\":\"Grabados d\u2019hier et d\u2019aujourd\u2019hui\"}]},{\"@type\":\"WebSite\",\"@id\":\"https:\/\/arches-papers.com\/fr\/#website\",\"url\":\"https:\/\/arches-papers.com\/fr\/\",\"name\":\"Arches Papers\",\"description\":\"Fabricant de papier\",\"potentialAction\":[{\"@type\":\"SearchAction\",\"target\":{\"@type\":\"EntryPoint\",\"urlTemplate\":\"https:\/\/arches-papers.com\/fr\/?s={search_term_string}\"},\"query-input\":{\"@type\":\"PropertyValueSpecification\",\"valueRequired\":true,\"valueName\":\"search_term_string\"}}],\"inLanguage\":\"fr-FR\"},{\"@type\":\"Person\",\"@id\":\"https:\/\/arches-papers.com\/fr\/#\/schema\/person\/2a888d9d97b35de19f649e99dd8716fd\",\"name\":\"Nicolas C\",\"image\":{\"@type\":\"ImageObject\",\"inLanguage\":\"fr-FR\",\"@id\":\"https:\/\/arches-papers.com\/fr\/#\/schema\/person\/image\/\",\"url\":\"https:\/\/secure.gravatar.com\/avatar\/32b8ee9d4ceac83e6cfc8e4c5da7abf4a3d553074d8b9a056d2f9479e9cc0b90?s=96&d=mm&r=g\",\"contentUrl\":\"https:\/\/secure.gravatar.com\/avatar\/32b8ee9d4ceac83e6cfc8e4c5da7abf4a3d553074d8b9a056d2f9479e9cc0b90?s=96&d=mm&r=g\",\"caption\":\"Nicolas C\"},\"url\":\"https:\/\/arches-papers.com\/fr\/author\/nicolasche-n\/\"}]}<\/script>\n<!-- \/ Yoast SEO plugin. -->","yoast_head_json":{"title":"Exposition Grabados organis\u00e9e par Pointe & Burin","description":"L\u2019exposition Pointe & burin 2023, intitul\u00e9e Grabados d\u2019hier et d\u2019aujourd\u2019hui, se tiendra du 25 mai au 17 juin \u00e0 la Fondation Taylor \u00e0 Paris.","robots":{"index":"index","follow":"follow","max-snippet":"max-snippet:-1","max-image-preview":"max-image-preview:large","max-video-preview":"max-video-preview:-1"},"canonical":"https:\/\/arches-papers.com\/fr\/exposition-grabados-dhier-et-daujourdhui\/","og_locale":"fr_FR","og_type":"article","og_title":"Exposition Grabados organis\u00e9e par Pointe & Burin","og_description":"L\u2019exposition Pointe & burin 2023, intitul\u00e9e Grabados d\u2019hier et d\u2019aujourd\u2019hui, se tiendra du 25 mai au 17 juin \u00e0 la Fondation Taylor \u00e0 Paris.","og_url":"https:\/\/arches-papers.com\/fr\/exposition-grabados-dhier-et-daujourdhui\/","og_site_name":"Arches Papers","article_published_time":"2023-05-23T14:58:39+00:00","article_modified_time":"2024-02-02T15:35:56+00:00","og_image":[{"width":606,"height":506,"url":"https:\/\/arches-papers.com\/wp-content\/uploads\/2023\/05\/bandeau.png","type":"image\/png"}],"author":"Nicolas C","twitter_card":"summary_large_image","twitter_misc":{"\u00c9crit par":"Nicolas C","Dur\u00e9e de lecture estim\u00e9e":"3 minutes"},"schema":{"@context":"https:\/\/schema.org","@graph":[{"@type":"Article","@id":"https:\/\/arches-papers.com\/fr\/exposition-grabados-dhier-et-daujourdhui\/#article","isPartOf":{"@id":"https:\/\/arches-papers.com\/fr\/exposition-grabados-dhier-et-daujourdhui\/"},"author":{"name":"Nicolas C","@id":"https:\/\/arches-papers.com\/fr\/#\/schema\/person\/2a888d9d97b35de19f649e99dd8716fd"},"headline":"Grabados d\u2019hier et d\u2019aujourd\u2019hui","datePublished":"2023-05-23T14:58:39+00:00","dateModified":"2024-02-02T15:35:56+00:00","mainEntityOfPage":{"@id":"https:\/\/arches-papers.com\/fr\/exposition-grabados-dhier-et-daujourdhui\/"},"wordCount":547,"image":{"@id":"https:\/\/arches-papers.com\/fr\/exposition-grabados-dhier-et-daujourdhui\/#primaryimage"},"thumbnailUrl":"https:\/\/arches-papers.com\/wp-content\/uploads\/2023\/05\/bandeau.png","articleSection":["Non classifi\u00e9(e)"],"inLanguage":"fr-FR"},{"@type":"WebPage","@id":"https:\/\/arches-papers.com\/fr\/exposition-grabados-dhier-et-daujourdhui\/","url":"https:\/\/arches-papers.com\/fr\/exposition-grabados-dhier-et-daujourdhui\/","name":"Exposition Grabados organis\u00e9e par Pointe & Burin","isPartOf":{"@id":"https:\/\/arches-papers.com\/fr\/#website"},"primaryImageOfPage":{"@id":"https:\/\/arches-papers.com\/fr\/exposition-grabados-dhier-et-daujourdhui\/#primaryimage"},"image":{"@id":"https:\/\/arches-papers.com\/fr\/exposition-grabados-dhier-et-daujourdhui\/#primaryimage"},"thumbnailUrl":"https:\/\/arches-papers.com\/wp-content\/uploads\/2023\/05\/bandeau.png","datePublished":"2023-05-23T14:58:39+00:00","dateModified":"2024-02-02T15:35:56+00:00","author":{"@id":"https:\/\/arches-papers.com\/fr\/#\/schema\/person\/2a888d9d97b35de19f649e99dd8716fd"},"description":"L\u2019exposition Pointe & burin 2023, intitul\u00e9e Grabados d\u2019hier et d\u2019aujourd\u2019hui, se tiendra du 25 mai au 17 juin \u00e0 la Fondation Taylor \u00e0 Paris.","breadcrumb":{"@id":"https:\/\/arches-papers.com\/fr\/exposition-grabados-dhier-et-daujourdhui\/#breadcrumb"},"inLanguage":"fr-FR","potentialAction":[{"@type":"ReadAction","target":["https:\/\/arches-papers.com\/fr\/exposition-grabados-dhier-et-daujourdhui\/"]}]},{"@type":"ImageObject","inLanguage":"fr-FR","@id":"https:\/\/arches-papers.com\/fr\/exposition-grabados-dhier-et-daujourdhui\/#primaryimage","url":"https:\/\/arches-papers.com\/wp-content\/uploads\/2023\/05\/bandeau.png","contentUrl":"https:\/\/arches-papers.com\/wp-content\/uploads\/2023\/05\/bandeau.png","width":606,"height":506,"caption":"Exposition Grabados"},{"@type":"BreadcrumbList","@id":"https:\/\/arches-papers.com\/fr\/exposition-grabados-dhier-et-daujourdhui\/#breadcrumb","itemListElement":[{"@type":"ListItem","position":1,"name":"Accueil","item":"https:\/\/arches-papers.com\/fr\/"},{"@type":"ListItem","position":2,"name":"Grabados d\u2019hier et d\u2019aujourd\u2019hui"}]},{"@type":"WebSite","@id":"https:\/\/arches-papers.com\/fr\/#website","url":"https:\/\/arches-papers.com\/fr\/","name":"Arches Papers","description":"Fabricant de papier","potentialAction":[{"@type":"SearchAction","target":{"@type":"EntryPoint","urlTemplate":"https:\/\/arches-papers.com\/fr\/?s={search_term_string}"},"query-input":{"@type":"PropertyValueSpecification","valueRequired":true,"valueName":"search_term_string"}}],"inLanguage":"fr-FR"},{"@type":"Person","@id":"https:\/\/arches-papers.com\/fr\/#\/schema\/person\/2a888d9d97b35de19f649e99dd8716fd","name":"Nicolas C","image":{"@type":"ImageObject","inLanguage":"fr-FR","@id":"https:\/\/arches-papers.com\/fr\/#\/schema\/person\/image\/","url":"https:\/\/secure.gravatar.com\/avatar\/32b8ee9d4ceac83e6cfc8e4c5da7abf4a3d553074d8b9a056d2f9479e9cc0b90?s=96&d=mm&r=g","contentUrl":"https:\/\/secure.gravatar.com\/avatar\/32b8ee9d4ceac83e6cfc8e4c5da7abf4a3d553074d8b9a056d2f9479e9cc0b90?s=96&d=mm&r=g","caption":"Nicolas C"},"url":"https:\/\/arches-papers.com\/fr\/author\/nicolasche-n\/"}]}},"_links":{"self":[{"href":"https:\/\/arches-papers.com\/fr\/wp-json\/wp\/v2\/posts\/41228","targetHints":{"allow":["GET"]}}],"collection":[{"href":"https:\/\/arches-papers.com\/fr\/wp-json\/wp\/v2\/posts"}],"about":[{"href":"https:\/\/arches-papers.com\/fr\/wp-json\/wp\/v2\/types\/post"}],"author":[{"embeddable":true,"href":"https:\/\/arches-papers.com\/fr\/wp-json\/wp\/v2\/users\/18"}],"replies":[{"embeddable":true,"href":"https:\/\/arches-papers.com\/fr\/wp-json\/wp\/v2\/comments?post=41228"}],"version-history":[{"count":0,"href":"https:\/\/arches-papers.com\/fr\/wp-json\/wp\/v2\/posts\/41228\/revisions"}],"wp:featuredmedia":[{"embeddable":true,"href":"https:\/\/arches-papers.com\/fr\/wp-json\/wp\/v2\/media\/41232"}],"wp:attachment":[{"href":"https:\/\/arches-papers.com\/fr\/wp-json\/wp\/v2\/media?parent=41228"}],"wp:term":[{"taxonomy":"category","embeddable":true,"href":"https:\/\/arches-papers.com\/fr\/wp-json\/wp\/v2\/categories?post=41228"},{"taxonomy":"post_tag","embeddable":true,"href":"https:\/\/arches-papers.com\/fr\/wp-json\/wp\/v2\/tags?post=41228"}],"curies":[{"name":"wp","href":"https:\/\/api.w.org\/{rel}","templated":true}]}}