{"id":41942,"date":"2023-09-05T16:26:46","date_gmt":"2023-09-05T14:26:46","guid":{"rendered":"https:\/\/arches-papers.com\/?p=41942"},"modified":"2024-02-02T16:08:58","modified_gmt":"2024-02-02T15:08:58","slug":"exposition-de-didier-clad-a-ribeauville","status":"publish","type":"post","link":"https:\/\/arches-papers.com\/fr\/exposition-de-didier-clad-a-ribeauville\/","title":{"rendered":"Exposition de Didier Clad \u00e0 Ribeauvill\u00e9"},"content":{"rendered":"<div class=\"wpb-content-wrapper\"><p>[vc_row][vc_column][vc_column_text]<strong>Une nouvelle exposition personnelle de Didier Clad a lieu \u00e0 la Cave de Ribeauvill\u00e9 (France, Alsace) du 28 juin au 31 septembre 2023.<\/strong><\/p>\n<p>Pour cette exposition, l\u2019artiste pr\u00e9sente des \u0153uvres issues de son atelier, ainsi que des cr\u00e9ations r\u00e9alis\u00e9es sp\u00e9cialement pour cet \u00e9v\u00e9nement.<\/p>\n<blockquote><p>\u00ab Pour cette exposition je ne voulais pas simplement exposer mes \u0153uvres,<br \/>\nmais aussi en cr\u00e9er de nouvelles, li\u00e9es au th\u00e8me du vin et de la vigne. \u00bb<\/p><\/blockquote>\n<p>Dans le hall d\u2019entr\u00e9e se trouve taill\u00e9 dans le gr\u00e8s un \u00ab Bacchus \u00bb, divinit\u00e9 romaine associ\u00e9e au vin. Ce bas-relief d\u00e9clencha tout de suite une cr\u00e9ation d\u2019estampes dite \u00ab La s\u00e9rie Bacchus \u00bb travaill\u00e9es en gravure sur taille-douce. Cette s\u00e9rie d\u00e9roule des estampes en couleurs r\u00e9alis\u00e9es sur papier Velin d\u2019ARCHES\u00ae 300 g\/m\u00b2, toutes des pi\u00e8ces uniques.<\/p>\n<p><a href=\"https:\/\/arches-papers.com\/fr\/la-gamme-papiers-arches\/papiers-edition-dart-arches\/velin-d-arches-dessin-creme\/\">Velin d&#8217;ARCHES &#8211; Arches Papers (arches-papers.com)<\/a>[\/vc_column_text][vc_empty_space][vc_column_text]<div id=\"wpfp_9f0a54f35d98be76b4a0e1c303c94260\" data-item=\"{&quot;sources&quot;:[{&quot;src&quot;:&quot;https:\\\/\\\/arches-papers.com\\\/wp-content\\\/uploads\\\/2023\\\/09\\\/Video-Didier-Clad.mp4&quot;,&quot;type&quot;:&quot;video\\\/mp4&quot;}],&quot;id&quot;:&quot;2&quot;,&quot;splash&quot;:&quot;https:\\\/\\\/arches-papers.com\\\/wp-content\\\/uploads\\\/2023\\\/09\\\/video.png&quot;}\" class=\"flowplayer no-brand is-splash is-paused skin-slim no-svg fp-slim fp-edgy\" data-fv-embed=\"https:\/\/arches-papers.com\/fr\/exposition-de-didier-clad-a-ribeauville\/fvp-2\/\" style=\"position:relative; max-width: 640px; max-height: 360px; \" data-ratio=\"0.5625\">\n\t<div class=\"fp-ratio\" style=\"padding-top: 56.25%\"><\/div>\n\t<img decoding=\"async\" class=\"fp-splash\" alt=\"video\" src=\"https:\/\/arches-papers.com\/wp-content\/uploads\/2023\/09\/video.png\" style=\"position:absolute;top:0;width:100%\" \/>\n\t<div class=\"fp-ui\"><noscript>Please enable JavaScript<\/noscript><div class=\"fp-play fp-visible\"><svg class=\"fp-play-sharp-fill\" xmlns=\"http:\/\/www.w3.org\/2000\/svg\" viewBox=\"0 0 100 100\"><defs><style>.fp-color-play{opacity:0.65;}.controlbutton{fill:#fff;}<\/style><\/defs><title>play-sharp-fill<\/title><path class=\"fp-color-play\" d=\"M49.9217-.078a50,50,0,1,0,50,50A50.0564,50.0564,0,0,0,49.9217-.078Z\"\/><polygon class=\"controlbutton\" points=\"73.601 50 37.968 70.573 37.968 29.427 73.601 50\" filter=\"url(#f1)\"\/><\/svg><\/div><div class=\"fp-preload\"><b><\/b><b><\/b><b><\/b><b><\/b><\/div><\/div>\n<div class='fvp-share-bar'><ul class=\"fvp-sharing\">\r\n    <li><a class=\"sharing-facebook\" href=\"https:\/\/www.facebook.com\/sharer\/sharer.php?u=https%3A%2F%2Farches-papers.com%2Ffr%2Fexposition-de-didier-clad-a-ribeauville%2F\" target=\"_blank\"><\/a><\/li>\r\n    <li><a class=\"sharing-twitter\" href=\"https:\/\/twitter.com\/intent\/tweet?text=Arches+Papers+&url=https%3A%2F%2Farches-papers.com%2Ffr%2Fexposition-de-didier-clad-a-ribeauville%2F\" target=\"_blank\"><\/a><\/li>\r\n    <li><a class=\"sharing-email\" href=\"mailto:?body=Check%20out%20the%20amazing%20video%20here%3A%20https%3A%2F%2Farches-papers.com%2Ffr%2Fexposition-de-didier-clad-a-ribeauville%2F\" target=\"_blank\"><\/a><\/li><\/ul><div><a class=\"sharing-link\" href=\"https:\/\/arches-papers.com\/fr\/exposition-de-didier-clad-a-ribeauville\/\" target=\"_blank\">Link<\/a><\/div><div><label><a class=\"embed-code-toggle\" href=\"#\"><strong>Embed<\/strong><\/a><\/label><\/div><div class=\"embed-code\"><label>Copy and paste this HTML code into your webpage to embed.<\/label><textarea><\/textarea><\/div><\/div>\n<\/div>\n[\/vc_column_text][vc_empty_space][\/vc_column][\/vc_row][vc_row][vc_column width=&#8221;1\/2&#8243;][vc_single_image image=&#8221;42015&#8243; img_size=&#8221;full&#8221; alignment=&#8221;center&#8221;][\/vc_column][vc_column width=&#8221;1\/2&#8243;][vc_single_image image=&#8221;42036&#8243; img_size=&#8221;full&#8221; alignment=&#8221;center&#8221;][\/vc_column][vc_column][vc_column_text]<\/p>\n<blockquote>\n<p style=\"text-align: center;\">\u00ab Je suis comme un vigneron : j\u2019\u00e9l\u00e8ve puis je presse mes gravures. \u00bb<\/p>\n<\/blockquote>\n<p>[\/vc_column_text][vc_empty_space][\/vc_column][\/vc_row][vc_row][vc_column width=&#8221;1\/2&#8243;][vc_single_image image=&#8221;41966&#8243; img_size=&#8221;full&#8221; alignment=&#8221;center&#8221;][\/vc_column][vc_column width=&#8221;1\/2&#8243;][vc_single_image image=&#8221;42029&#8243; img_size=&#8221;full&#8221; alignment=&#8221;center&#8221;][\/vc_column][vc_column][vc_column_text]<\/p>\n<p style=\"text-align: center;\"><em><span style=\"font-size: 14px;\">\u00a9Didier Clad. S\u00e9rie d\u2019estampes en couleurs, 40 x 50 cm, sur papier Velin d\u2019ARCHES\u00ae<\/span><\/em><\/p>\n<p>&nbsp;<\/p>\n<p>L&#8217;artiste rend \u00e9galement hommage \u00e0 Tom Borocco, grand Ma\u00eetre Lithographe alsacien disparu en 2021. Il a r\u00e9alis\u00e9 l\u2019\u00e9dition limit\u00e9e \u00e0 trente exemplaires, au format 32 x 55 cm sur papier Velin d\u2019ARCHES\u00ae 300 g\/m\u00b2, estampill\u00e9s au nom de son atelier et sign\u00e9s par lui-m\u00eame.<\/p>\n<p>Sont \u00e9galement expos\u00e9es pour la premi\u00e8re fois quatre lithographies sur pierre r\u00e9alis\u00e9es durant l&#8217;automne 2020.<\/p>\n<h3>Didier Clad<\/h3>\n<p>Artiste-plasticien et taille-doucier, Didier Clad est install\u00e9 \u00e0 Kruth depuis trente ans et a d\u00e9j\u00e0 \u00e9t\u00e9 r\u00e9compens\u00e9 par plusieurs prix, dont celui de laur\u00e9at du prix des m\u00e9tiers d\u2019arts en taille-douce du Haut-Rhin en 2000 (SEMA, Paris).<\/p>\n<p>&nbsp;<\/p>\n<p><img loading=\"lazy\" decoding=\"async\" class=\"alignnone size-full wp-image-41980\" src=\"https:\/\/arches-papers.com\/wp-content\/uploads\/2023\/09\/Didier-Clad-03-web.jpg\" alt=\"\" width=\"534\" height=\"400\" srcset=\"https:\/\/arches-papers.com\/wp-content\/uploads\/2023\/09\/Didier-Clad-03-web.jpg 534w, https:\/\/arches-papers.com\/wp-content\/uploads\/2023\/09\/Didier-Clad-03-web-300x225.jpg 300w\" sizes=\"auto, (max-width: 534px) 100vw, 534px\" \/><\/p>\n<p style=\"text-align: left;\"><em><span style=\"font-size: 14px;\">\u00a9Didier Clad.\u00a0<\/span><\/em><\/p>\n<p>Ses estampes sont collectionn\u00e9es par de nombreux cabinets d&#8217;estampes en France. La Biblioth\u00e8que Nationale et Universitaire de Strasbourg poss\u00e8de l\u2019essentiel de son \u0153uvre grav\u00e9e couvrant les vingt-cinq derni\u00e8res ann\u00e9es.<br \/>\nV\u00e9ritable producteur d\u2019images, il s\u2019ouvre aux nouvelles technologies et utilise aussi bien l\u2019informatique et le dessin assist\u00e9 par ordinateur ou la manipulation d\u2019images que les anciennes techniques de gravure et d\u2019impression. Il est \u00e9galement soucieux de pr\u00e9server le savoir-faire en l\u2019enrichissant et aux sources et aux courants les plus modernes.<\/p>\n<p><a href=\"http:\/\/www.didier-clad.fr\/\" target=\"_blank\" rel=\"noopener noreferrer\">www.didier-clad.fr<\/a>[\/vc_column_text][vc_empty_space][\/vc_column][\/vc_row]<\/p>\n<\/div>","protected":false},"excerpt":{"rendered":"Une nouvelle exposition personnelle de Didier Clad a lieu \u00e0 la Cave de Ribeauvill\u00e9 (France, Alsace) du 28 juin au 31 septembre 2023.\r\nPour cette exposition, l\u2019artiste pr\u00e9sente des \u0153uvres issues de son atelier, ainsi que des cr\u00e9ations r\u00e9alis\u00e9es sp\u00e9cialement pour cet \u00e9v\u00e9nement.\r\n","protected":false},"author":18,"featured_media":41987,"comment_status":"closed","ping_status":"closed","sticky":false,"template":"","format":"standard","meta":{"footnotes":""},"categories":[461],"tags":[],"class_list":["post-41942","post","type-post","status-publish","format-standard","has-post-thumbnail","hentry","category-non-classifiee-fr"],"yoast_head":"<!-- This site is optimized with the Yoast SEO plugin v27.1.1 - https:\/\/yoast.com\/product\/yoast-seo-wordpress\/ -->\n<title>Exposition Didier Clad \u00e0 Ribeauvill\u00e9 - Arches papers<\/title>\n<meta name=\"description\" content=\"Une nouvelle exposition personnelle de Didier Clad a lieu \u00e0 la Cave de Ribeauvill\u00e9 (France, Alsace) du 28 juin au 31 septembre 2023.\" \/>\n<meta name=\"robots\" content=\"index, follow, max-snippet:-1, max-image-preview:large, max-video-preview:-1\" \/>\n<link rel=\"canonical\" href=\"https:\/\/arches-papers.com\/fr\/exposition-de-didier-clad-a-ribeauville\/\" \/>\n<meta property=\"og:locale\" content=\"fr_FR\" \/>\n<meta property=\"og:type\" content=\"article\" \/>\n<meta property=\"og:title\" content=\"Exposition Didier Clad \u00e0 Ribeauvill\u00e9 - Arches papers\" \/>\n<meta property=\"og:description\" content=\"Une nouvelle exposition personnelle de Didier Clad a lieu \u00e0 la Cave de Ribeauvill\u00e9 (France, Alsace) du 28 juin au 31 septembre 2023.\" \/>\n<meta property=\"og:url\" content=\"https:\/\/arches-papers.com\/fr\/exposition-de-didier-clad-a-ribeauville\/\" \/>\n<meta property=\"og:site_name\" content=\"Arches Papers\" \/>\n<meta property=\"article:published_time\" content=\"2023-09-05T14:26:46+00:00\" \/>\n<meta property=\"article:modified_time\" content=\"2024-02-02T15:08:58+00:00\" \/>\n<meta property=\"og:image\" content=\"https:\/\/arches-papers.com\/wp-content\/uploads\/2023\/09\/bandeau.jpg\" \/>\n\t<meta property=\"og:image:width\" content=\"1913\" \/>\n\t<meta property=\"og:image:height\" content=\"479\" \/>\n\t<meta property=\"og:image:type\" content=\"image\/jpeg\" \/>\n<meta name=\"author\" content=\"Nicolas C\" \/>\n<meta name=\"twitter:card\" content=\"summary_large_image\" \/>\n<meta name=\"twitter:label1\" content=\"\u00c9crit par\" \/>\n\t<meta name=\"twitter:data1\" content=\"Nicolas C\" \/>\n\t<meta name=\"twitter:label2\" content=\"Dur\u00e9e de lecture estim\u00e9e\" \/>\n\t<meta name=\"twitter:data2\" content=\"3 minutes\" \/>\n<script type=\"application\/ld+json\" class=\"yoast-schema-graph\">{\"@context\":\"https:\/\/schema.org\",\"@graph\":[{\"@type\":\"Article\",\"@id\":\"https:\/\/arches-papers.com\/fr\/exposition-de-didier-clad-a-ribeauville\/#article\",\"isPartOf\":{\"@id\":\"https:\/\/arches-papers.com\/fr\/exposition-de-didier-clad-a-ribeauville\/\"},\"author\":{\"name\":\"Nicolas C\",\"@id\":\"https:\/\/arches-papers.com\/fr\/#\/schema\/person\/2a888d9d97b35de19f649e99dd8716fd\"},\"headline\":\"Exposition de Didier Clad \u00e0 Ribeauvill\u00e9\",\"datePublished\":\"2023-09-05T14:26:46+00:00\",\"dateModified\":\"2024-02-02T15:08:58+00:00\",\"mainEntityOfPage\":{\"@id\":\"https:\/\/arches-papers.com\/fr\/exposition-de-didier-clad-a-ribeauville\/\"},\"wordCount\":513,\"image\":{\"@id\":\"https:\/\/arches-papers.com\/fr\/exposition-de-didier-clad-a-ribeauville\/#primaryimage\"},\"thumbnailUrl\":\"https:\/\/arches-papers.com\/wp-content\/uploads\/2023\/09\/bandeau.jpg\",\"articleSection\":[\"Non classifi\u00e9(e)\"],\"inLanguage\":\"fr-FR\"},{\"@type\":\"WebPage\",\"@id\":\"https:\/\/arches-papers.com\/fr\/exposition-de-didier-clad-a-ribeauville\/\",\"url\":\"https:\/\/arches-papers.com\/fr\/exposition-de-didier-clad-a-ribeauville\/\",\"name\":\"Exposition Didier Clad \u00e0 Ribeauvill\u00e9 - Arches papers\",\"isPartOf\":{\"@id\":\"https:\/\/arches-papers.com\/fr\/#website\"},\"primaryImageOfPage\":{\"@id\":\"https:\/\/arches-papers.com\/fr\/exposition-de-didier-clad-a-ribeauville\/#primaryimage\"},\"image\":{\"@id\":\"https:\/\/arches-papers.com\/fr\/exposition-de-didier-clad-a-ribeauville\/#primaryimage\"},\"thumbnailUrl\":\"https:\/\/arches-papers.com\/wp-content\/uploads\/2023\/09\/bandeau.jpg\",\"datePublished\":\"2023-09-05T14:26:46+00:00\",\"dateModified\":\"2024-02-02T15:08:58+00:00\",\"author\":{\"@id\":\"https:\/\/arches-papers.com\/fr\/#\/schema\/person\/2a888d9d97b35de19f649e99dd8716fd\"},\"description\":\"Une nouvelle exposition personnelle de Didier Clad a lieu \u00e0 la Cave de Ribeauvill\u00e9 (France, Alsace) du 28 juin au 31 septembre 2023.\",\"breadcrumb\":{\"@id\":\"https:\/\/arches-papers.com\/fr\/exposition-de-didier-clad-a-ribeauville\/#breadcrumb\"},\"inLanguage\":\"fr-FR\",\"potentialAction\":[{\"@type\":\"ReadAction\",\"target\":[\"https:\/\/arches-papers.com\/fr\/exposition-de-didier-clad-a-ribeauville\/\"]}]},{\"@type\":\"ImageObject\",\"inLanguage\":\"fr-FR\",\"@id\":\"https:\/\/arches-papers.com\/fr\/exposition-de-didier-clad-a-ribeauville\/#primaryimage\",\"url\":\"https:\/\/arches-papers.com\/wp-content\/uploads\/2023\/09\/bandeau.jpg\",\"contentUrl\":\"https:\/\/arches-papers.com\/wp-content\/uploads\/2023\/09\/bandeau.jpg\",\"width\":1913,\"height\":479,\"caption\":\"Exposition Didier Clad\"},{\"@type\":\"BreadcrumbList\",\"@id\":\"https:\/\/arches-papers.com\/fr\/exposition-de-didier-clad-a-ribeauville\/#breadcrumb\",\"itemListElement\":[{\"@type\":\"ListItem\",\"position\":1,\"name\":\"Accueil\",\"item\":\"https:\/\/arches-papers.com\/fr\/\"},{\"@type\":\"ListItem\",\"position\":2,\"name\":\"Exposition de Didier Clad \u00e0 Ribeauvill\u00e9\"}]},{\"@type\":\"WebSite\",\"@id\":\"https:\/\/arches-papers.com\/fr\/#website\",\"url\":\"https:\/\/arches-papers.com\/fr\/\",\"name\":\"Arches Papers\",\"description\":\"Fabricant de papier\",\"potentialAction\":[{\"@type\":\"SearchAction\",\"target\":{\"@type\":\"EntryPoint\",\"urlTemplate\":\"https:\/\/arches-papers.com\/fr\/?s={search_term_string}\"},\"query-input\":{\"@type\":\"PropertyValueSpecification\",\"valueRequired\":true,\"valueName\":\"search_term_string\"}}],\"inLanguage\":\"fr-FR\"},{\"@type\":\"Person\",\"@id\":\"https:\/\/arches-papers.com\/fr\/#\/schema\/person\/2a888d9d97b35de19f649e99dd8716fd\",\"name\":\"Nicolas C\",\"image\":{\"@type\":\"ImageObject\",\"inLanguage\":\"fr-FR\",\"@id\":\"https:\/\/arches-papers.com\/fr\/#\/schema\/person\/image\/\",\"url\":\"https:\/\/secure.gravatar.com\/avatar\/32b8ee9d4ceac83e6cfc8e4c5da7abf4a3d553074d8b9a056d2f9479e9cc0b90?s=96&d=mm&r=g\",\"contentUrl\":\"https:\/\/secure.gravatar.com\/avatar\/32b8ee9d4ceac83e6cfc8e4c5da7abf4a3d553074d8b9a056d2f9479e9cc0b90?s=96&d=mm&r=g\",\"caption\":\"Nicolas C\"},\"url\":\"https:\/\/arches-papers.com\/fr\/author\/nicolasche-n\/\"}]}<\/script>\n<!-- \/ Yoast SEO plugin. -->","yoast_head_json":{"title":"Exposition Didier Clad \u00e0 Ribeauvill\u00e9 - Arches papers","description":"Une nouvelle exposition personnelle de Didier Clad a lieu \u00e0 la Cave de Ribeauvill\u00e9 (France, Alsace) du 28 juin au 31 septembre 2023.","robots":{"index":"index","follow":"follow","max-snippet":"max-snippet:-1","max-image-preview":"max-image-preview:large","max-video-preview":"max-video-preview:-1"},"canonical":"https:\/\/arches-papers.com\/fr\/exposition-de-didier-clad-a-ribeauville\/","og_locale":"fr_FR","og_type":"article","og_title":"Exposition Didier Clad \u00e0 Ribeauvill\u00e9 - Arches papers","og_description":"Une nouvelle exposition personnelle de Didier Clad a lieu \u00e0 la Cave de Ribeauvill\u00e9 (France, Alsace) du 28 juin au 31 septembre 2023.","og_url":"https:\/\/arches-papers.com\/fr\/exposition-de-didier-clad-a-ribeauville\/","og_site_name":"Arches Papers","article_published_time":"2023-09-05T14:26:46+00:00","article_modified_time":"2024-02-02T15:08:58+00:00","og_image":[{"width":1913,"height":479,"url":"https:\/\/arches-papers.com\/wp-content\/uploads\/2023\/09\/bandeau.jpg","type":"image\/jpeg"}],"author":"Nicolas C","twitter_card":"summary_large_image","twitter_misc":{"\u00c9crit par":"Nicolas C","Dur\u00e9e de lecture estim\u00e9e":"3 minutes"},"schema":{"@context":"https:\/\/schema.org","@graph":[{"@type":"Article","@id":"https:\/\/arches-papers.com\/fr\/exposition-de-didier-clad-a-ribeauville\/#article","isPartOf":{"@id":"https:\/\/arches-papers.com\/fr\/exposition-de-didier-clad-a-ribeauville\/"},"author":{"name":"Nicolas C","@id":"https:\/\/arches-papers.com\/fr\/#\/schema\/person\/2a888d9d97b35de19f649e99dd8716fd"},"headline":"Exposition de Didier Clad \u00e0 Ribeauvill\u00e9","datePublished":"2023-09-05T14:26:46+00:00","dateModified":"2024-02-02T15:08:58+00:00","mainEntityOfPage":{"@id":"https:\/\/arches-papers.com\/fr\/exposition-de-didier-clad-a-ribeauville\/"},"wordCount":513,"image":{"@id":"https:\/\/arches-papers.com\/fr\/exposition-de-didier-clad-a-ribeauville\/#primaryimage"},"thumbnailUrl":"https:\/\/arches-papers.com\/wp-content\/uploads\/2023\/09\/bandeau.jpg","articleSection":["Non classifi\u00e9(e)"],"inLanguage":"fr-FR"},{"@type":"WebPage","@id":"https:\/\/arches-papers.com\/fr\/exposition-de-didier-clad-a-ribeauville\/","url":"https:\/\/arches-papers.com\/fr\/exposition-de-didier-clad-a-ribeauville\/","name":"Exposition Didier Clad \u00e0 Ribeauvill\u00e9 - Arches papers","isPartOf":{"@id":"https:\/\/arches-papers.com\/fr\/#website"},"primaryImageOfPage":{"@id":"https:\/\/arches-papers.com\/fr\/exposition-de-didier-clad-a-ribeauville\/#primaryimage"},"image":{"@id":"https:\/\/arches-papers.com\/fr\/exposition-de-didier-clad-a-ribeauville\/#primaryimage"},"thumbnailUrl":"https:\/\/arches-papers.com\/wp-content\/uploads\/2023\/09\/bandeau.jpg","datePublished":"2023-09-05T14:26:46+00:00","dateModified":"2024-02-02T15:08:58+00:00","author":{"@id":"https:\/\/arches-papers.com\/fr\/#\/schema\/person\/2a888d9d97b35de19f649e99dd8716fd"},"description":"Une nouvelle exposition personnelle de Didier Clad a lieu \u00e0 la Cave de Ribeauvill\u00e9 (France, Alsace) du 28 juin au 31 septembre 2023.","breadcrumb":{"@id":"https:\/\/arches-papers.com\/fr\/exposition-de-didier-clad-a-ribeauville\/#breadcrumb"},"inLanguage":"fr-FR","potentialAction":[{"@type":"ReadAction","target":["https:\/\/arches-papers.com\/fr\/exposition-de-didier-clad-a-ribeauville\/"]}]},{"@type":"ImageObject","inLanguage":"fr-FR","@id":"https:\/\/arches-papers.com\/fr\/exposition-de-didier-clad-a-ribeauville\/#primaryimage","url":"https:\/\/arches-papers.com\/wp-content\/uploads\/2023\/09\/bandeau.jpg","contentUrl":"https:\/\/arches-papers.com\/wp-content\/uploads\/2023\/09\/bandeau.jpg","width":1913,"height":479,"caption":"Exposition Didier Clad"},{"@type":"BreadcrumbList","@id":"https:\/\/arches-papers.com\/fr\/exposition-de-didier-clad-a-ribeauville\/#breadcrumb","itemListElement":[{"@type":"ListItem","position":1,"name":"Accueil","item":"https:\/\/arches-papers.com\/fr\/"},{"@type":"ListItem","position":2,"name":"Exposition de Didier Clad \u00e0 Ribeauvill\u00e9"}]},{"@type":"WebSite","@id":"https:\/\/arches-papers.com\/fr\/#website","url":"https:\/\/arches-papers.com\/fr\/","name":"Arches Papers","description":"Fabricant de papier","potentialAction":[{"@type":"SearchAction","target":{"@type":"EntryPoint","urlTemplate":"https:\/\/arches-papers.com\/fr\/?s={search_term_string}"},"query-input":{"@type":"PropertyValueSpecification","valueRequired":true,"valueName":"search_term_string"}}],"inLanguage":"fr-FR"},{"@type":"Person","@id":"https:\/\/arches-papers.com\/fr\/#\/schema\/person\/2a888d9d97b35de19f649e99dd8716fd","name":"Nicolas C","image":{"@type":"ImageObject","inLanguage":"fr-FR","@id":"https:\/\/arches-papers.com\/fr\/#\/schema\/person\/image\/","url":"https:\/\/secure.gravatar.com\/avatar\/32b8ee9d4ceac83e6cfc8e4c5da7abf4a3d553074d8b9a056d2f9479e9cc0b90?s=96&d=mm&r=g","contentUrl":"https:\/\/secure.gravatar.com\/avatar\/32b8ee9d4ceac83e6cfc8e4c5da7abf4a3d553074d8b9a056d2f9479e9cc0b90?s=96&d=mm&r=g","caption":"Nicolas C"},"url":"https:\/\/arches-papers.com\/fr\/author\/nicolasche-n\/"}]}},"_links":{"self":[{"href":"https:\/\/arches-papers.com\/fr\/wp-json\/wp\/v2\/posts\/41942","targetHints":{"allow":["GET"]}}],"collection":[{"href":"https:\/\/arches-papers.com\/fr\/wp-json\/wp\/v2\/posts"}],"about":[{"href":"https:\/\/arches-papers.com\/fr\/wp-json\/wp\/v2\/types\/post"}],"author":[{"embeddable":true,"href":"https:\/\/arches-papers.com\/fr\/wp-json\/wp\/v2\/users\/18"}],"replies":[{"embeddable":true,"href":"https:\/\/arches-papers.com\/fr\/wp-json\/wp\/v2\/comments?post=41942"}],"version-history":[{"count":0,"href":"https:\/\/arches-papers.com\/fr\/wp-json\/wp\/v2\/posts\/41942\/revisions"}],"wp:featuredmedia":[{"embeddable":true,"href":"https:\/\/arches-papers.com\/fr\/wp-json\/wp\/v2\/media\/41987"}],"wp:attachment":[{"href":"https:\/\/arches-papers.com\/fr\/wp-json\/wp\/v2\/media?parent=41942"}],"wp:term":[{"taxonomy":"category","embeddable":true,"href":"https:\/\/arches-papers.com\/fr\/wp-json\/wp\/v2\/categories?post=41942"},{"taxonomy":"post_tag","embeddable":true,"href":"https:\/\/arches-papers.com\/fr\/wp-json\/wp\/v2\/tags?post=41942"}],"curies":[{"name":"wp","href":"https:\/\/api.w.org\/{rel}","templated":true}]}}