{"id":49703,"date":"2025-01-24T15:12:39","date_gmt":"2025-01-24T14:12:39","guid":{"rendered":"https:\/\/arches-papers.com\/?p=49703"},"modified":"2025-01-27T09:42:05","modified_gmt":"2025-01-27T08:42:05","slug":"32e-festival-international-du-film-fantastique","status":"publish","type":"post","link":"https:\/\/arches-papers.com\/fr\/32e-festival-international-du-film-fantastique\/","title":{"rendered":"32e Festival International du Film Fantastique"},"content":{"rendered":"<div class=\"wpb-content-wrapper\"><p>[vc_row][vc_column][vc_column_text]Le 32e Festival International du Film Fantastique de G\u00e9rardmer se pr\u00e9pare \u00e0 ouvrir ses portes du 29 janvier au 2 f\u00e9vrier 2025, promettant une immersion totale dans l&#8217;univers envo\u00fbtant du cin\u00e9ma fantastique. Cette \u00e9dition s&#8217;annonce particuli\u00e8rement exceptionnelle avec un hommage rendu au talentueux r\u00e9alisateur, sc\u00e9nariste et producteur am\u00e9ricain Ti West.<\/p>\n<p>Le festival de G\u00e9rardmer, surnomm\u00e9 la &#8220;Perle des Vosges&#8221;, est un rendez-vous incontournable pour les amateurs de cin\u00e9ma fantastique. Il offre une programmation diversifi\u00e9e avec des projections de longs m\u00e9trages, de courts m\u00e9trages, des avant-premi\u00e8res, des rencontres avec des r\u00e9alisateurs et des acteurs, ainsi que des conf\u00e9rences et des d\u00e9bats. Cette ann\u00e9e, le festival mettra \u00e9galement en avant des \u0153uvres explorant la th\u00e9matique des fant\u00f4mes, ajoutant une dimension suppl\u00e9mentaire \u00e0 l&#8217;exp\u00e9rience cin\u00e9matographique.<\/p>\n<p><strong>Une affiche terriblement belle<\/strong><br \/>\nL&#8217;affiche officielle du festival nous rappelle avec po\u00e9sie le pouvoir des fant\u00f4mes \u00e0 d\u00e9fier les lois de la repr\u00e9sentation et \u00e0 se glisser entre deux mondes. Comme chaque ann\u00e9e, elle est imprim\u00e9e sur du papier ARCHES\u00ae, symbole de qualit\u00e9 et de tradition. Cette collaboration entre le festival et ARCHES\u00ae souligne l&#8217;importance de l\u2019expertise humaine et de l&#8217;excellence dans la cr\u00e9ation artistique.[\/vc_column_text][vc_empty_space][vc_single_image image=&#8221;49707&#8243; img_size=&#8221;full&#8221; alignment=&#8221;center&#8221;][vc_column_text]<\/p>\n<p style=\"text-align: center;\"><em><span style=\"font-size: 14px;\">Affiche du festival imprim\u00e9e sur papier ARCHES\u00ae Expression Texture 250 g\/m\u00b2<\/span><\/em><\/p>\n<p>[\/vc_column_text][vc_empty_space][vc_column_text]<strong>Hommage \u00e0 Ti West<\/strong>[\/vc_column_text][vc_empty_space][vc_single_image image=&#8221;49728&#8243; img_size=&#8221;full&#8221; alignment=&#8221;center&#8221;][vc_empty_space][vc_column_text]Ti West, connu pour sa trilogie acclam\u00e9e &#8220;X&#8221;, &#8220;Pearl&#8221; et &#8220;MaXXXine&#8221;, sera l&#8217;invit\u00e9 d&#8217;honneur de cette \u00e9dition. Ses \u0153uvres, marqu\u00e9es par une esth\u00e9tique unique et une narration captivante, ont red\u00e9fini les codes du genre et ont su conqu\u00e9rir un large public international. Le festival proposera une r\u00e9trospective de ses films, permettant aux festivaliers de red\u00e9couvrir ses cr\u00e9ations les plus embl\u00e9matiques, notamment &#8220;The House of the Devil&#8221; et &#8220;The Sacrament&#8221;.[\/vc_column_text][vc_empty_space][vc_single_image image=&#8221;49721&#8243; img_size=&#8221;full&#8221; alignment=&#8221;center&#8221;][vc_empty_space][vc_column_text]En plus de l&#8217;hommage \u00e0 Ti West, le festival accueillera des invit\u00e9s prestigieux et un jury d&#8217;exception, garantissant une comp\u00e9tition de haute qualit\u00e9. Les festivaliers auront l&#8217;opportunit\u00e9 de participer \u00e0 des masterclasses, des ateliers et des s\u00e9ances de d\u00e9dicaces, enrichissant ainsi leur exp\u00e9rience et leur compr\u00e9hension du cin\u00e9ma fantastique.[\/vc_column_text][vc_column_text]<a href=\"https:\/\/festival-gerardmer.com\/2025\/\">2025 G\u00e9rardmer Festival<\/a>[\/vc_column_text][vc_empty_space][\/vc_column][\/vc_row]<\/p>\n<\/div>","protected":false},"excerpt":{"rendered":"Le 32e Festival International du Film Fantastique de G\u00e9rardmer se pr\u00e9pare \u00e0 ouvrir ses portes du 29 janvier au 2 f\u00e9vrier 2025, promettant une immersion totale dans l&#8217;univers envo\u00fbtant du cin\u00e9ma fantastique. Cette \u00e9dition s&#8217;annonce particuli\u00e8rement exceptionnelle avec un hommage rendu au talentueux r\u00e9alisateur, sc\u00e9nariste et producteur am\u00e9ricain Ti West.","protected":false},"author":18,"featured_media":49714,"comment_status":"closed","ping_status":"closed","sticky":false,"template":"","format":"standard","meta":{"footnotes":""},"categories":[5],"tags":[],"class_list":["post-49703","post","type-post","status-publish","format-standard","has-post-thumbnail","hentry","category-actus"],"yoast_head":"<!-- This site is optimized with the Yoast SEO plugin v27.1.1 - https:\/\/yoast.com\/product\/yoast-seo-wordpress\/ -->\n<title>32e Festival International du Film Fantastique - Arches Papers<\/title>\n<meta name=\"description\" content=\"Le 32e Festival International du Film Fantastique de G\u00e9rardmer s&#039;annonce particuli\u00e8rement exceptionnel avec un hommage rendu \u00e0 Ti West.\" \/>\n<meta name=\"robots\" content=\"index, follow, max-snippet:-1, max-image-preview:large, max-video-preview:-1\" \/>\n<link rel=\"canonical\" href=\"https:\/\/arches-papers.com\/fr\/32e-festival-international-du-film-fantastique\/\" \/>\n<meta property=\"og:locale\" content=\"fr_FR\" \/>\n<meta property=\"og:type\" content=\"article\" \/>\n<meta property=\"og:title\" content=\"32e Festival International du Film Fantastique - Arches Papers\" \/>\n<meta property=\"og:description\" content=\"Le 32e Festival International du Film Fantastique de G\u00e9rardmer s&#039;annonce particuli\u00e8rement exceptionnel avec un hommage rendu \u00e0 Ti West.\" \/>\n<meta property=\"og:url\" content=\"https:\/\/arches-papers.com\/fr\/32e-festival-international-du-film-fantastique\/\" \/>\n<meta property=\"og:site_name\" content=\"Arches Papers\" \/>\n<meta property=\"article:published_time\" content=\"2025-01-24T14:12:39+00:00\" \/>\n<meta property=\"article:modified_time\" content=\"2025-01-27T08:42:05+00:00\" \/>\n<meta property=\"og:image\" content=\"https:\/\/arches-papers.com\/wp-content\/uploads\/2025\/01\/bandeau.jpeg\" \/>\n\t<meta property=\"og:image:width\" content=\"2560\" \/>\n\t<meta property=\"og:image:height\" content=\"1280\" \/>\n\t<meta property=\"og:image:type\" content=\"image\/jpeg\" \/>\n<meta name=\"author\" content=\"Nicolas C\" \/>\n<meta name=\"twitter:card\" content=\"summary_large_image\" \/>\n<meta name=\"twitter:label1\" content=\"\u00c9crit par\" \/>\n\t<meta name=\"twitter:data1\" content=\"Nicolas C\" \/>\n\t<meta name=\"twitter:label2\" content=\"Dur\u00e9e de lecture estim\u00e9e\" \/>\n\t<meta name=\"twitter:data2\" content=\"2 minutes\" \/>\n<script type=\"application\/ld+json\" class=\"yoast-schema-graph\">{\"@context\":\"https:\/\/schema.org\",\"@graph\":[{\"@type\":\"Article\",\"@id\":\"https:\/\/arches-papers.com\/fr\/32e-festival-international-du-film-fantastique\/#article\",\"isPartOf\":{\"@id\":\"https:\/\/arches-papers.com\/fr\/32e-festival-international-du-film-fantastique\/\"},\"author\":{\"name\":\"Nicolas C\",\"@id\":\"https:\/\/arches-papers.com\/fr\/#\/schema\/person\/2a888d9d97b35de19f649e99dd8716fd\"},\"headline\":\"32e Festival International du Film Fantastique\",\"datePublished\":\"2025-01-24T14:12:39+00:00\",\"dateModified\":\"2025-01-27T08:42:05+00:00\",\"mainEntityOfPage\":{\"@id\":\"https:\/\/arches-papers.com\/fr\/32e-festival-international-du-film-fantastique\/\"},\"wordCount\":471,\"image\":{\"@id\":\"https:\/\/arches-papers.com\/fr\/32e-festival-international-du-film-fantastique\/#primaryimage\"},\"thumbnailUrl\":\"https:\/\/arches-papers.com\/wp-content\/uploads\/2025\/01\/bandeau.jpeg\",\"articleSection\":[\"actus\"],\"inLanguage\":\"fr-FR\"},{\"@type\":\"WebPage\",\"@id\":\"https:\/\/arches-papers.com\/fr\/32e-festival-international-du-film-fantastique\/\",\"url\":\"https:\/\/arches-papers.com\/fr\/32e-festival-international-du-film-fantastique\/\",\"name\":\"32e Festival International du Film Fantastique - Arches Papers\",\"isPartOf\":{\"@id\":\"https:\/\/arches-papers.com\/fr\/#website\"},\"primaryImageOfPage\":{\"@id\":\"https:\/\/arches-papers.com\/fr\/32e-festival-international-du-film-fantastique\/#primaryimage\"},\"image\":{\"@id\":\"https:\/\/arches-papers.com\/fr\/32e-festival-international-du-film-fantastique\/#primaryimage\"},\"thumbnailUrl\":\"https:\/\/arches-papers.com\/wp-content\/uploads\/2025\/01\/bandeau.jpeg\",\"datePublished\":\"2025-01-24T14:12:39+00:00\",\"dateModified\":\"2025-01-27T08:42:05+00:00\",\"author\":{\"@id\":\"https:\/\/arches-papers.com\/fr\/#\/schema\/person\/2a888d9d97b35de19f649e99dd8716fd\"},\"description\":\"Le 32e Festival International du Film Fantastique de G\u00e9rardmer s'annonce particuli\u00e8rement exceptionnel avec un hommage rendu \u00e0 Ti West.\",\"breadcrumb\":{\"@id\":\"https:\/\/arches-papers.com\/fr\/32e-festival-international-du-film-fantastique\/#breadcrumb\"},\"inLanguage\":\"fr-FR\",\"potentialAction\":[{\"@type\":\"ReadAction\",\"target\":[\"https:\/\/arches-papers.com\/fr\/32e-festival-international-du-film-fantastique\/\"]}]},{\"@type\":\"ImageObject\",\"inLanguage\":\"fr-FR\",\"@id\":\"https:\/\/arches-papers.com\/fr\/32e-festival-international-du-film-fantastique\/#primaryimage\",\"url\":\"https:\/\/arches-papers.com\/wp-content\/uploads\/2025\/01\/bandeau.jpeg\",\"contentUrl\":\"https:\/\/arches-papers.com\/wp-content\/uploads\/2025\/01\/bandeau.jpeg\",\"width\":2560,\"height\":1280,\"caption\":\"32nd International Fantastic Film Festival\"},{\"@type\":\"BreadcrumbList\",\"@id\":\"https:\/\/arches-papers.com\/fr\/32e-festival-international-du-film-fantastique\/#breadcrumb\",\"itemListElement\":[{\"@type\":\"ListItem\",\"position\":1,\"name\":\"Accueil\",\"item\":\"https:\/\/arches-papers.com\/fr\/\"},{\"@type\":\"ListItem\",\"position\":2,\"name\":\"32e Festival International du Film Fantastique\"}]},{\"@type\":\"WebSite\",\"@id\":\"https:\/\/arches-papers.com\/fr\/#website\",\"url\":\"https:\/\/arches-papers.com\/fr\/\",\"name\":\"Arches Papers\",\"description\":\"Fabricant de papier\",\"potentialAction\":[{\"@type\":\"SearchAction\",\"target\":{\"@type\":\"EntryPoint\",\"urlTemplate\":\"https:\/\/arches-papers.com\/fr\/?s={search_term_string}\"},\"query-input\":{\"@type\":\"PropertyValueSpecification\",\"valueRequired\":true,\"valueName\":\"search_term_string\"}}],\"inLanguage\":\"fr-FR\"},{\"@type\":\"Person\",\"@id\":\"https:\/\/arches-papers.com\/fr\/#\/schema\/person\/2a888d9d97b35de19f649e99dd8716fd\",\"name\":\"Nicolas C\",\"image\":{\"@type\":\"ImageObject\",\"inLanguage\":\"fr-FR\",\"@id\":\"https:\/\/arches-papers.com\/fr\/#\/schema\/person\/image\/\",\"url\":\"https:\/\/secure.gravatar.com\/avatar\/32b8ee9d4ceac83e6cfc8e4c5da7abf4a3d553074d8b9a056d2f9479e9cc0b90?s=96&d=mm&r=g\",\"contentUrl\":\"https:\/\/secure.gravatar.com\/avatar\/32b8ee9d4ceac83e6cfc8e4c5da7abf4a3d553074d8b9a056d2f9479e9cc0b90?s=96&d=mm&r=g\",\"caption\":\"Nicolas C\"},\"url\":\"https:\/\/arches-papers.com\/fr\/author\/nicolasche-n\/\"}]}<\/script>\n<!-- \/ Yoast SEO plugin. -->","yoast_head_json":{"title":"32e Festival International du Film Fantastique - Arches Papers","description":"Le 32e Festival International du Film Fantastique de G\u00e9rardmer s'annonce particuli\u00e8rement exceptionnel avec un hommage rendu \u00e0 Ti West.","robots":{"index":"index","follow":"follow","max-snippet":"max-snippet:-1","max-image-preview":"max-image-preview:large","max-video-preview":"max-video-preview:-1"},"canonical":"https:\/\/arches-papers.com\/fr\/32e-festival-international-du-film-fantastique\/","og_locale":"fr_FR","og_type":"article","og_title":"32e Festival International du Film Fantastique - Arches Papers","og_description":"Le 32e Festival International du Film Fantastique de G\u00e9rardmer s'annonce particuli\u00e8rement exceptionnel avec un hommage rendu \u00e0 Ti West.","og_url":"https:\/\/arches-papers.com\/fr\/32e-festival-international-du-film-fantastique\/","og_site_name":"Arches Papers","article_published_time":"2025-01-24T14:12:39+00:00","article_modified_time":"2025-01-27T08:42:05+00:00","og_image":[{"width":2560,"height":1280,"url":"https:\/\/arches-papers.com\/wp-content\/uploads\/2025\/01\/bandeau.jpeg","type":"image\/jpeg"}],"author":"Nicolas C","twitter_card":"summary_large_image","twitter_misc":{"\u00c9crit par":"Nicolas C","Dur\u00e9e de lecture estim\u00e9e":"2 minutes"},"schema":{"@context":"https:\/\/schema.org","@graph":[{"@type":"Article","@id":"https:\/\/arches-papers.com\/fr\/32e-festival-international-du-film-fantastique\/#article","isPartOf":{"@id":"https:\/\/arches-papers.com\/fr\/32e-festival-international-du-film-fantastique\/"},"author":{"name":"Nicolas C","@id":"https:\/\/arches-papers.com\/fr\/#\/schema\/person\/2a888d9d97b35de19f649e99dd8716fd"},"headline":"32e Festival International du Film Fantastique","datePublished":"2025-01-24T14:12:39+00:00","dateModified":"2025-01-27T08:42:05+00:00","mainEntityOfPage":{"@id":"https:\/\/arches-papers.com\/fr\/32e-festival-international-du-film-fantastique\/"},"wordCount":471,"image":{"@id":"https:\/\/arches-papers.com\/fr\/32e-festival-international-du-film-fantastique\/#primaryimage"},"thumbnailUrl":"https:\/\/arches-papers.com\/wp-content\/uploads\/2025\/01\/bandeau.jpeg","articleSection":["actus"],"inLanguage":"fr-FR"},{"@type":"WebPage","@id":"https:\/\/arches-papers.com\/fr\/32e-festival-international-du-film-fantastique\/","url":"https:\/\/arches-papers.com\/fr\/32e-festival-international-du-film-fantastique\/","name":"32e Festival International du Film Fantastique - Arches Papers","isPartOf":{"@id":"https:\/\/arches-papers.com\/fr\/#website"},"primaryImageOfPage":{"@id":"https:\/\/arches-papers.com\/fr\/32e-festival-international-du-film-fantastique\/#primaryimage"},"image":{"@id":"https:\/\/arches-papers.com\/fr\/32e-festival-international-du-film-fantastique\/#primaryimage"},"thumbnailUrl":"https:\/\/arches-papers.com\/wp-content\/uploads\/2025\/01\/bandeau.jpeg","datePublished":"2025-01-24T14:12:39+00:00","dateModified":"2025-01-27T08:42:05+00:00","author":{"@id":"https:\/\/arches-papers.com\/fr\/#\/schema\/person\/2a888d9d97b35de19f649e99dd8716fd"},"description":"Le 32e Festival International du Film Fantastique de G\u00e9rardmer s'annonce particuli\u00e8rement exceptionnel avec un hommage rendu \u00e0 Ti West.","breadcrumb":{"@id":"https:\/\/arches-papers.com\/fr\/32e-festival-international-du-film-fantastique\/#breadcrumb"},"inLanguage":"fr-FR","potentialAction":[{"@type":"ReadAction","target":["https:\/\/arches-papers.com\/fr\/32e-festival-international-du-film-fantastique\/"]}]},{"@type":"ImageObject","inLanguage":"fr-FR","@id":"https:\/\/arches-papers.com\/fr\/32e-festival-international-du-film-fantastique\/#primaryimage","url":"https:\/\/arches-papers.com\/wp-content\/uploads\/2025\/01\/bandeau.jpeg","contentUrl":"https:\/\/arches-papers.com\/wp-content\/uploads\/2025\/01\/bandeau.jpeg","width":2560,"height":1280,"caption":"32nd International Fantastic Film Festival"},{"@type":"BreadcrumbList","@id":"https:\/\/arches-papers.com\/fr\/32e-festival-international-du-film-fantastique\/#breadcrumb","itemListElement":[{"@type":"ListItem","position":1,"name":"Accueil","item":"https:\/\/arches-papers.com\/fr\/"},{"@type":"ListItem","position":2,"name":"32e Festival International du Film Fantastique"}]},{"@type":"WebSite","@id":"https:\/\/arches-papers.com\/fr\/#website","url":"https:\/\/arches-papers.com\/fr\/","name":"Arches Papers","description":"Fabricant de papier","potentialAction":[{"@type":"SearchAction","target":{"@type":"EntryPoint","urlTemplate":"https:\/\/arches-papers.com\/fr\/?s={search_term_string}"},"query-input":{"@type":"PropertyValueSpecification","valueRequired":true,"valueName":"search_term_string"}}],"inLanguage":"fr-FR"},{"@type":"Person","@id":"https:\/\/arches-papers.com\/fr\/#\/schema\/person\/2a888d9d97b35de19f649e99dd8716fd","name":"Nicolas C","image":{"@type":"ImageObject","inLanguage":"fr-FR","@id":"https:\/\/arches-papers.com\/fr\/#\/schema\/person\/image\/","url":"https:\/\/secure.gravatar.com\/avatar\/32b8ee9d4ceac83e6cfc8e4c5da7abf4a3d553074d8b9a056d2f9479e9cc0b90?s=96&d=mm&r=g","contentUrl":"https:\/\/secure.gravatar.com\/avatar\/32b8ee9d4ceac83e6cfc8e4c5da7abf4a3d553074d8b9a056d2f9479e9cc0b90?s=96&d=mm&r=g","caption":"Nicolas C"},"url":"https:\/\/arches-papers.com\/fr\/author\/nicolasche-n\/"}]}},"_links":{"self":[{"href":"https:\/\/arches-papers.com\/fr\/wp-json\/wp\/v2\/posts\/49703","targetHints":{"allow":["GET"]}}],"collection":[{"href":"https:\/\/arches-papers.com\/fr\/wp-json\/wp\/v2\/posts"}],"about":[{"href":"https:\/\/arches-papers.com\/fr\/wp-json\/wp\/v2\/types\/post"}],"author":[{"embeddable":true,"href":"https:\/\/arches-papers.com\/fr\/wp-json\/wp\/v2\/users\/18"}],"replies":[{"embeddable":true,"href":"https:\/\/arches-papers.com\/fr\/wp-json\/wp\/v2\/comments?post=49703"}],"version-history":[{"count":0,"href":"https:\/\/arches-papers.com\/fr\/wp-json\/wp\/v2\/posts\/49703\/revisions"}],"wp:featuredmedia":[{"embeddable":true,"href":"https:\/\/arches-papers.com\/fr\/wp-json\/wp\/v2\/media\/49714"}],"wp:attachment":[{"href":"https:\/\/arches-papers.com\/fr\/wp-json\/wp\/v2\/media?parent=49703"}],"wp:term":[{"taxonomy":"category","embeddable":true,"href":"https:\/\/arches-papers.com\/fr\/wp-json\/wp\/v2\/categories?post=49703"},{"taxonomy":"post_tag","embeddable":true,"href":"https:\/\/arches-papers.com\/fr\/wp-json\/wp\/v2\/tags?post=49703"}],"curies":[{"name":"wp","href":"https:\/\/api.w.org\/{rel}","templated":true}]}}