{"id":56108,"date":"2026-04-17T14:23:08","date_gmt":"2026-04-17T12:23:08","guid":{"rendered":"https:\/\/arches-papers.com\/?p=56108"},"modified":"2026-04-17T14:23:09","modified_gmt":"2026-04-17T12:23:09","slug":"arina-albu-artiste-enthousiaste-passionnee-par-lemancipation-creative","status":"publish","type":"post","link":"https:\/\/arches-papers.com\/fr\/arina-albu-artiste-enthousiaste-passionnee-par-lemancipation-creative\/","title":{"rendered":"Arina Albu, artiste enthousiaste passionn\u00e9e par l&#8217;\u00e9mancipation cr\u00e9ative"},"content":{"rendered":"<div class=\"wpb-content-wrapper\"><p>[vc_row][vc_column][vc_row_inner][vc_column_inner width=&#8221;1\/3&#8243;][vc_single_image image=&#8221;56119&#8243; img_size=&#8221;full&#8221; alignment=&#8221;center&#8221; css=&#8221;&#8221;][vc_empty_space][\/vc_column_inner][vc_column_inner width=&#8221;2\/3&#8243;][vc_empty_space][vc_single_image image=&#8221;36704&#8243; img_size=&#8221;full&#8221;][vc_column_text css=&#8221;&#8221;]Arina Albu est une artiste autodidacte reconnue pour sa sensibilit\u00e9, sa polyvalence et sa passion pour l\u2019aquarelle. Issue d\u2019une famille immigr\u00e9e, elle se r\u00e9fugie tr\u00e8s jeune dans l\u2019expression artistique, y trouvant \u00e0 la fois apaisement et puissance transformatrice. L\u2019art a \u00e9t\u00e9 pour elle un chemin de renaissance et de construction personnelle, lui permettant de traverser de nombreuses \u00e9preuves tout en s\u2019\u00e9panouissant dans la cr\u00e9ation.[\/vc_column_text][vc_empty_space][\/vc_column_inner][\/vc_row_inner][vc_column_text css=&#8221;&#8221;]Port\u00e9e par une curiosit\u00e9 insatiable, Arina explore d\u00e8s ses d\u00e9buts une multitude de techniques : crayon de couleur, pastel, huile, acrylique. Mais c\u2019est v\u00e9ritablement en 2007 qu\u2019elle d\u00e9couvre la magie de l\u2019aquarelle, tombant imm\u00e9diatement sous le charme de sa fluidit\u00e9 et de ses effets oniriques, parfois impr\u00e9visibles. Cette technique devient un terrain de jeu privil\u00e9gi\u00e9, source d\u2019exploration, de remise en question, mais aussi de bien-\u00eatre.[\/vc_column_text][vc_empty_space][vc_single_image image=&#8221;56126&#8243; img_size=&#8221;full&#8221; alignment=&#8221;center&#8221; css=&#8221;&#8221;][vc_column_text css=&#8221;&#8221;]<\/p>\n<p style=\"text-align: center;\"><span style=\"font-size: 13px;\"><em>\u00a9Ariana Albu \u2013 Coloreyes \/ Aquarelle sur papier <a href=\"https:\/\/arches-papers.com\/fr\/la-gamme-papiers-arches\/papiers-arches-pour-aquarelle-et-les-techniques-humides\/papier-arches-aquarelle\/\">ARCHES\u00ae Aquarelle<\/a> grain satin\u00e9 300g\/m\u00b2<\/em><\/span><\/p>\n<p>[\/vc_column_text][vc_empty_space][vc_single_image image=&#8221;56140&#8243; img_size=&#8221;full&#8221; alignment=&#8221;center&#8221; css=&#8221;&#8221;][vc_column_text css=&#8221;&#8221;]<\/p>\n<p style=\"text-align: center;\"><span style=\"font-size: 13px;\"><em>\u00a9Ariana Albu \u2013 Petal \/ Acrylique, collage, aquarelle, encre et crayons de couleur sur papier ARCHES\u00ae Aquarelle grain fin 300g\/m\u00b2<\/em><\/span><\/p>\n<p>[\/vc_column_text][vc_empty_space][vc_single_image image=&#8221;56147&#8243; img_size=&#8221;full&#8221; alignment=&#8221;center&#8221; css=&#8221;&#8221;][vc_column_text css=&#8221;&#8221;]<\/p>\n<p style=\"text-align: center;\"><span style=\"font-size: 13px;\"><em>\u00a9Ariana Albu \u2013 Roses \/ Aquarelle sur papier ARCHES\u00ae Aquarelle grain satin\u00e9 300g\/m\u00b2<\/em><\/span><\/p>\n<p>[\/vc_column_text][vc_empty_space][vc_single_image image=&#8221;56133&#8243; img_size=&#8221;full&#8221; alignment=&#8221;center&#8221; css=&#8221;&#8221;][vc_column_text css=&#8221;&#8221;]<\/p>\n<p style=\"text-align: center;\"><span style=\"font-size: 13px;\"><em>\u00a9Ariana Albu \u2013 Garden \/ Aquarelle sur papier ARCHES\u00ae Aquarelle grain satin\u00e9 300g\/m\u00b2<\/em><\/span><\/p>\n<p>[\/vc_column_text][vc_empty_space][vc_column_text css=&#8221;&#8221;]En 2015, Arina ouvre ses premi\u00e8res pages sur les r\u00e9seaux sociaux et construit progressivement une communaut\u00e9 fid\u00e8le. Elle r\u00e9alise alors des portraits sur commande et des \u0153uvres de fan art. Souhaitant s\u2019\u00e9loigner du cadre parfois restrictif du r\u00e9alisme acad\u00e9mique, elle choisit l\u2019aquarelle pour exp\u00e9rimenter une approche plus libre, o\u00f9 l\u2019abstraction se m\u00eale au figuratif, o\u00f9 l\u2019expression c\u00f4toie la pr\u00e9cision du d\u00e9tail.<\/p>\n<p>Inspir\u00e9e par des artistes contemporains tels que Yuko Nagayama, Agnes Cecile ou Dimitra Milan, Arina forge son propre style, tout en contrastes et subtilit\u00e9, invitant le spectateur \u00e0 explorer les fronti\u00e8res mouvantes entre \u00e9motions et repr\u00e9sentation.[\/vc_column_text][vc_empty_space][vc_single_image image=&#8221;56154&#8243; img_size=&#8221;full&#8221; alignment=&#8221;center&#8221; css=&#8221;&#8221;][vc_empty_space][vc_column_text css=&#8221;&#8221;]Forte de son influence croissante et sollicit\u00e9e par de nombreux abonn\u00e9s, elle d\u00e9couvre alors sa vocation de p\u00e9dagogue. Avec l\u2019envie profonde de transmettre ce que l\u2019art lui a apport\u00e9 \u2014 confiance, inspiration, r\u00e9silience \u2014, elle d\u00e9veloppe des cours et ateliers accessibles \u00e0 tous. Aujourd\u2019hui, elle propose un large \u00e9ventail de formations en ligne, adapt\u00e9es \u00e0 tous les niveaux, et anime plusieurs communaut\u00e9s artistiques conviviales autour de la peinture et de l\u2019\u00e9panouissement cr\u00e9atif.[\/vc_column_text][vc_empty_space][vc_single_image image=&#8221;56161&#8243; img_size=&#8221;full&#8221; alignment=&#8221;center&#8221; css=&#8221;&#8221;][vc_empty_space][vc_column_text css=&#8221;&#8221;]Arina est convaincue que l\u2019art poss\u00e8de une v\u00e9ritable capacit\u00e9 \u00e0 apaiser et \u00e0 transformer les vies : il cr\u00e9e des liens entre les personnes, \u00e9claire le sens de leur cheminement et contribue \u00e0 leur \u00e9panouissement personnel. D\u00e9sireuse d\u2019en faire profiter le plus grand nombre, elle s\u2019est donn\u00e9e pour mission d\u2019aider chacun \u00e0 r\u00e9v\u00e9ler sa cr\u00e9ativit\u00e9 et \u00e0 en puiser une source de force au quotidien. Selon elle, l\u2019art et la cr\u00e9ativit\u00e9, profond\u00e9ment ancr\u00e9s dans la nature humaine, sont \u00e0 la port\u00e9e de tous. Il est possible pour chacun d\u2019apprendre, de s\u2019exprimer et de donner vie \u00e0 ses aspirations artistiques.[\/vc_column_text][\/vc_column][\/vc_row][vc_row][vc_column][vc_empty_space][vc_column_text css=&#8221;&#8221;]<a href=\"https:\/\/www.facebook.com\/arinaalbu\" target=\"_blank\" rel=\"noopener\">https:\/\/www.facebook.com\/arinaalbu<\/a><\/p>\n<p><a href=\"https:\/\/www.instagram.com\/arina_albu_art\/\" target=\"_blank\" rel=\"noopener\">https:\/\/www.instagram.com\/arina_albu_art\/<\/a><\/p>\n<p><a href=\"https:\/\/www.youtube.com\/@arinaalbu\" target=\"_blank\" rel=\"noopener\">https:\/\/www.youtube.com\/@arinaalbu<\/a>[\/vc_column_text][vc_empty_space][\/vc_column][\/vc_row]<\/p>\n<\/div>","protected":false},"excerpt":{"rendered":"Arina Albu est une artiste autodidacte reconnue pour sa sensibilit\u00e9, sa polyvalence et sa passion pour l\u2019aquarelle. Issue d\u2019une famille immigr\u00e9e, elle se r\u00e9fugie tr\u00e8s jeune dans l\u2019expression artistique, y trouvant \u00e0 la fois apaisement et puissance transformatrice. ","protected":false},"author":18,"featured_media":56112,"comment_status":"closed","ping_status":"closed","sticky":false,"template":"","format":"standard","meta":{"footnotes":""},"categories":[5,490],"tags":[],"class_list":["post-56108","post","type-post","status-publish","format-standard","has-post-thumbnail","hentry","category-actus","category-arches-artistes-resident"],"yoast_head":"<!-- This site is optimized with the Yoast SEO plugin v27.1.1 - https:\/\/yoast.com\/product\/yoast-seo-wordpress\/ -->\n<title>Arina Albu est une artiste passionn\u00e9e par l&#039;aquarelle<\/title>\n<meta name=\"description\" content=\"Arina Albu est une artiste autodidacte reconnue pour sa sensibilit\u00e9, sa polyvalence et sa passion pour l\u2019aquarelle.\" \/>\n<meta name=\"robots\" content=\"index, follow, max-snippet:-1, max-image-preview:large, max-video-preview:-1\" \/>\n<link rel=\"canonical\" href=\"https:\/\/arches-papers.com\/fr\/arina-albu-artiste-enthousiaste-passionnee-par-lemancipation-creative\/\" \/>\n<meta property=\"og:locale\" content=\"fr_FR\" \/>\n<meta property=\"og:type\" content=\"article\" \/>\n<meta property=\"og:title\" content=\"Arina Albu est une artiste passionn\u00e9e par l&#039;aquarelle\" \/>\n<meta property=\"og:description\" content=\"Arina Albu est une artiste autodidacte reconnue pour sa sensibilit\u00e9, sa polyvalence et sa passion pour l\u2019aquarelle.\" \/>\n<meta property=\"og:url\" content=\"https:\/\/arches-papers.com\/fr\/arina-albu-artiste-enthousiaste-passionnee-par-lemancipation-creative\/\" \/>\n<meta property=\"og:site_name\" content=\"Arches Papers\" \/>\n<meta property=\"article:published_time\" content=\"2026-04-17T12:23:08+00:00\" \/>\n<meta property=\"article:modified_time\" content=\"2026-04-17T12:23:09+00:00\" \/>\n<meta property=\"og:image\" content=\"https:\/\/arches-papers.com\/wp-content\/uploads\/2026\/04\/arina-albu-bandeau.jpg\" \/>\n\t<meta property=\"og:image:width\" content=\"1600\" \/>\n\t<meta property=\"og:image:height\" content=\"936\" \/>\n\t<meta property=\"og:image:type\" content=\"image\/jpeg\" \/>\n<meta name=\"author\" content=\"Nicolas C\" \/>\n<meta name=\"twitter:card\" content=\"summary_large_image\" \/>\n<meta name=\"twitter:label1\" content=\"\u00c9crit par\" \/>\n\t<meta name=\"twitter:data1\" content=\"Nicolas C\" \/>\n\t<meta name=\"twitter:label2\" content=\"Dur\u00e9e de lecture estim\u00e9e\" \/>\n\t<meta name=\"twitter:data2\" content=\"4 minutes\" \/>\n<script type=\"application\/ld+json\" class=\"yoast-schema-graph\">{\"@context\":\"https:\/\/schema.org\",\"@graph\":[{\"@type\":\"Article\",\"@id\":\"https:\/\/arches-papers.com\/fr\/arina-albu-artiste-enthousiaste-passionnee-par-lemancipation-creative\/#article\",\"isPartOf\":{\"@id\":\"https:\/\/arches-papers.com\/fr\/arina-albu-artiste-enthousiaste-passionnee-par-lemancipation-creative\/\"},\"author\":{\"name\":\"Nicolas C\",\"@id\":\"https:\/\/arches-papers.com\/fr\/#\/schema\/person\/2a888d9d97b35de19f649e99dd8716fd\"},\"headline\":\"Arina Albu, artiste enthousiaste passionn\u00e9e par l&#8217;\u00e9mancipation cr\u00e9ative\",\"datePublished\":\"2026-04-17T12:23:08+00:00\",\"dateModified\":\"2026-04-17T12:23:09+00:00\",\"mainEntityOfPage\":{\"@id\":\"https:\/\/arches-papers.com\/fr\/arina-albu-artiste-enthousiaste-passionnee-par-lemancipation-creative\/\"},\"wordCount\":760,\"image\":{\"@id\":\"https:\/\/arches-papers.com\/fr\/arina-albu-artiste-enthousiaste-passionnee-par-lemancipation-creative\/#primaryimage\"},\"thumbnailUrl\":\"https:\/\/arches-papers.com\/wp-content\/uploads\/2026\/04\/arina-albu-bandeau.jpg\",\"articleSection\":[\"actus\",\"ARCHES\u00ae Artistes R\u00e9sident\"],\"inLanguage\":\"fr-FR\"},{\"@type\":\"WebPage\",\"@id\":\"https:\/\/arches-papers.com\/fr\/arina-albu-artiste-enthousiaste-passionnee-par-lemancipation-creative\/\",\"url\":\"https:\/\/arches-papers.com\/fr\/arina-albu-artiste-enthousiaste-passionnee-par-lemancipation-creative\/\",\"name\":\"Arina Albu est une artiste passionn\u00e9e par l'aquarelle\",\"isPartOf\":{\"@id\":\"https:\/\/arches-papers.com\/fr\/#website\"},\"primaryImageOfPage\":{\"@id\":\"https:\/\/arches-papers.com\/fr\/arina-albu-artiste-enthousiaste-passionnee-par-lemancipation-creative\/#primaryimage\"},\"image\":{\"@id\":\"https:\/\/arches-papers.com\/fr\/arina-albu-artiste-enthousiaste-passionnee-par-lemancipation-creative\/#primaryimage\"},\"thumbnailUrl\":\"https:\/\/arches-papers.com\/wp-content\/uploads\/2026\/04\/arina-albu-bandeau.jpg\",\"datePublished\":\"2026-04-17T12:23:08+00:00\",\"dateModified\":\"2026-04-17T12:23:09+00:00\",\"author\":{\"@id\":\"https:\/\/arches-papers.com\/fr\/#\/schema\/person\/2a888d9d97b35de19f649e99dd8716fd\"},\"description\":\"Arina Albu est une artiste autodidacte reconnue pour sa sensibilit\u00e9, sa polyvalence et sa passion pour l\u2019aquarelle.\",\"breadcrumb\":{\"@id\":\"https:\/\/arches-papers.com\/fr\/arina-albu-artiste-enthousiaste-passionnee-par-lemancipation-creative\/#breadcrumb\"},\"inLanguage\":\"fr-FR\",\"potentialAction\":[{\"@type\":\"ReadAction\",\"target\":[\"https:\/\/arches-papers.com\/fr\/arina-albu-artiste-enthousiaste-passionnee-par-lemancipation-creative\/\"]}]},{\"@type\":\"ImageObject\",\"inLanguage\":\"fr-FR\",\"@id\":\"https:\/\/arches-papers.com\/fr\/arina-albu-artiste-enthousiaste-passionnee-par-lemancipation-creative\/#primaryimage\",\"url\":\"https:\/\/arches-papers.com\/wp-content\/uploads\/2026\/04\/arina-albu-bandeau.jpg\",\"contentUrl\":\"https:\/\/arches-papers.com\/wp-content\/uploads\/2026\/04\/arina-albu-bandeau.jpg\",\"width\":1600,\"height\":936,\"caption\":\"Arina Albu\"},{\"@type\":\"BreadcrumbList\",\"@id\":\"https:\/\/arches-papers.com\/fr\/arina-albu-artiste-enthousiaste-passionnee-par-lemancipation-creative\/#breadcrumb\",\"itemListElement\":[{\"@type\":\"ListItem\",\"position\":1,\"name\":\"Accueil\",\"item\":\"https:\/\/arches-papers.com\/fr\/\"},{\"@type\":\"ListItem\",\"position\":2,\"name\":\"Arina Albu, artiste enthousiaste passionn\u00e9e par l&#8217;\u00e9mancipation cr\u00e9ative\"}]},{\"@type\":\"WebSite\",\"@id\":\"https:\/\/arches-papers.com\/fr\/#website\",\"url\":\"https:\/\/arches-papers.com\/fr\/\",\"name\":\"Arches Papers\",\"description\":\"Fabricant de papier\",\"potentialAction\":[{\"@type\":\"SearchAction\",\"target\":{\"@type\":\"EntryPoint\",\"urlTemplate\":\"https:\/\/arches-papers.com\/fr\/?s={search_term_string}\"},\"query-input\":{\"@type\":\"PropertyValueSpecification\",\"valueRequired\":true,\"valueName\":\"search_term_string\"}}],\"inLanguage\":\"fr-FR\"},{\"@type\":\"Person\",\"@id\":\"https:\/\/arches-papers.com\/fr\/#\/schema\/person\/2a888d9d97b35de19f649e99dd8716fd\",\"name\":\"Nicolas C\",\"image\":{\"@type\":\"ImageObject\",\"inLanguage\":\"fr-FR\",\"@id\":\"https:\/\/arches-papers.com\/fr\/#\/schema\/person\/image\/\",\"url\":\"https:\/\/secure.gravatar.com\/avatar\/32b8ee9d4ceac83e6cfc8e4c5da7abf4a3d553074d8b9a056d2f9479e9cc0b90?s=96&d=mm&r=g\",\"contentUrl\":\"https:\/\/secure.gravatar.com\/avatar\/32b8ee9d4ceac83e6cfc8e4c5da7abf4a3d553074d8b9a056d2f9479e9cc0b90?s=96&d=mm&r=g\",\"caption\":\"Nicolas C\"},\"url\":\"https:\/\/arches-papers.com\/fr\/author\/nicolasche-n\/\"}]}<\/script>\n<!-- \/ Yoast SEO plugin. -->","yoast_head_json":{"title":"Arina Albu est une artiste passionn\u00e9e par l'aquarelle","description":"Arina Albu est une artiste autodidacte reconnue pour sa sensibilit\u00e9, sa polyvalence et sa passion pour l\u2019aquarelle.","robots":{"index":"index","follow":"follow","max-snippet":"max-snippet:-1","max-image-preview":"max-image-preview:large","max-video-preview":"max-video-preview:-1"},"canonical":"https:\/\/arches-papers.com\/fr\/arina-albu-artiste-enthousiaste-passionnee-par-lemancipation-creative\/","og_locale":"fr_FR","og_type":"article","og_title":"Arina Albu est une artiste passionn\u00e9e par l'aquarelle","og_description":"Arina Albu est une artiste autodidacte reconnue pour sa sensibilit\u00e9, sa polyvalence et sa passion pour l\u2019aquarelle.","og_url":"https:\/\/arches-papers.com\/fr\/arina-albu-artiste-enthousiaste-passionnee-par-lemancipation-creative\/","og_site_name":"Arches Papers","article_published_time":"2026-04-17T12:23:08+00:00","article_modified_time":"2026-04-17T12:23:09+00:00","og_image":[{"width":1600,"height":936,"url":"https:\/\/arches-papers.com\/wp-content\/uploads\/2026\/04\/arina-albu-bandeau.jpg","type":"image\/jpeg"}],"author":"Nicolas C","twitter_card":"summary_large_image","twitter_misc":{"\u00c9crit par":"Nicolas C","Dur\u00e9e de lecture estim\u00e9e":"4 minutes"},"schema":{"@context":"https:\/\/schema.org","@graph":[{"@type":"Article","@id":"https:\/\/arches-papers.com\/fr\/arina-albu-artiste-enthousiaste-passionnee-par-lemancipation-creative\/#article","isPartOf":{"@id":"https:\/\/arches-papers.com\/fr\/arina-albu-artiste-enthousiaste-passionnee-par-lemancipation-creative\/"},"author":{"name":"Nicolas C","@id":"https:\/\/arches-papers.com\/fr\/#\/schema\/person\/2a888d9d97b35de19f649e99dd8716fd"},"headline":"Arina Albu, artiste enthousiaste passionn\u00e9e par l&#8217;\u00e9mancipation cr\u00e9ative","datePublished":"2026-04-17T12:23:08+00:00","dateModified":"2026-04-17T12:23:09+00:00","mainEntityOfPage":{"@id":"https:\/\/arches-papers.com\/fr\/arina-albu-artiste-enthousiaste-passionnee-par-lemancipation-creative\/"},"wordCount":760,"image":{"@id":"https:\/\/arches-papers.com\/fr\/arina-albu-artiste-enthousiaste-passionnee-par-lemancipation-creative\/#primaryimage"},"thumbnailUrl":"https:\/\/arches-papers.com\/wp-content\/uploads\/2026\/04\/arina-albu-bandeau.jpg","articleSection":["actus","ARCHES\u00ae Artistes R\u00e9sident"],"inLanguage":"fr-FR"},{"@type":"WebPage","@id":"https:\/\/arches-papers.com\/fr\/arina-albu-artiste-enthousiaste-passionnee-par-lemancipation-creative\/","url":"https:\/\/arches-papers.com\/fr\/arina-albu-artiste-enthousiaste-passionnee-par-lemancipation-creative\/","name":"Arina Albu est une artiste passionn\u00e9e par l'aquarelle","isPartOf":{"@id":"https:\/\/arches-papers.com\/fr\/#website"},"primaryImageOfPage":{"@id":"https:\/\/arches-papers.com\/fr\/arina-albu-artiste-enthousiaste-passionnee-par-lemancipation-creative\/#primaryimage"},"image":{"@id":"https:\/\/arches-papers.com\/fr\/arina-albu-artiste-enthousiaste-passionnee-par-lemancipation-creative\/#primaryimage"},"thumbnailUrl":"https:\/\/arches-papers.com\/wp-content\/uploads\/2026\/04\/arina-albu-bandeau.jpg","datePublished":"2026-04-17T12:23:08+00:00","dateModified":"2026-04-17T12:23:09+00:00","author":{"@id":"https:\/\/arches-papers.com\/fr\/#\/schema\/person\/2a888d9d97b35de19f649e99dd8716fd"},"description":"Arina Albu est une artiste autodidacte reconnue pour sa sensibilit\u00e9, sa polyvalence et sa passion pour l\u2019aquarelle.","breadcrumb":{"@id":"https:\/\/arches-papers.com\/fr\/arina-albu-artiste-enthousiaste-passionnee-par-lemancipation-creative\/#breadcrumb"},"inLanguage":"fr-FR","potentialAction":[{"@type":"ReadAction","target":["https:\/\/arches-papers.com\/fr\/arina-albu-artiste-enthousiaste-passionnee-par-lemancipation-creative\/"]}]},{"@type":"ImageObject","inLanguage":"fr-FR","@id":"https:\/\/arches-papers.com\/fr\/arina-albu-artiste-enthousiaste-passionnee-par-lemancipation-creative\/#primaryimage","url":"https:\/\/arches-papers.com\/wp-content\/uploads\/2026\/04\/arina-albu-bandeau.jpg","contentUrl":"https:\/\/arches-papers.com\/wp-content\/uploads\/2026\/04\/arina-albu-bandeau.jpg","width":1600,"height":936,"caption":"Arina Albu"},{"@type":"BreadcrumbList","@id":"https:\/\/arches-papers.com\/fr\/arina-albu-artiste-enthousiaste-passionnee-par-lemancipation-creative\/#breadcrumb","itemListElement":[{"@type":"ListItem","position":1,"name":"Accueil","item":"https:\/\/arches-papers.com\/fr\/"},{"@type":"ListItem","position":2,"name":"Arina Albu, artiste enthousiaste passionn\u00e9e par l&#8217;\u00e9mancipation cr\u00e9ative"}]},{"@type":"WebSite","@id":"https:\/\/arches-papers.com\/fr\/#website","url":"https:\/\/arches-papers.com\/fr\/","name":"Arches Papers","description":"Fabricant de papier","potentialAction":[{"@type":"SearchAction","target":{"@type":"EntryPoint","urlTemplate":"https:\/\/arches-papers.com\/fr\/?s={search_term_string}"},"query-input":{"@type":"PropertyValueSpecification","valueRequired":true,"valueName":"search_term_string"}}],"inLanguage":"fr-FR"},{"@type":"Person","@id":"https:\/\/arches-papers.com\/fr\/#\/schema\/person\/2a888d9d97b35de19f649e99dd8716fd","name":"Nicolas C","image":{"@type":"ImageObject","inLanguage":"fr-FR","@id":"https:\/\/arches-papers.com\/fr\/#\/schema\/person\/image\/","url":"https:\/\/secure.gravatar.com\/avatar\/32b8ee9d4ceac83e6cfc8e4c5da7abf4a3d553074d8b9a056d2f9479e9cc0b90?s=96&d=mm&r=g","contentUrl":"https:\/\/secure.gravatar.com\/avatar\/32b8ee9d4ceac83e6cfc8e4c5da7abf4a3d553074d8b9a056d2f9479e9cc0b90?s=96&d=mm&r=g","caption":"Nicolas C"},"url":"https:\/\/arches-papers.com\/fr\/author\/nicolasche-n\/"}]}},"_links":{"self":[{"href":"https:\/\/arches-papers.com\/fr\/wp-json\/wp\/v2\/posts\/56108","targetHints":{"allow":["GET"]}}],"collection":[{"href":"https:\/\/arches-papers.com\/fr\/wp-json\/wp\/v2\/posts"}],"about":[{"href":"https:\/\/arches-papers.com\/fr\/wp-json\/wp\/v2\/types\/post"}],"author":[{"embeddable":true,"href":"https:\/\/arches-papers.com\/fr\/wp-json\/wp\/v2\/users\/18"}],"replies":[{"embeddable":true,"href":"https:\/\/arches-papers.com\/fr\/wp-json\/wp\/v2\/comments?post=56108"}],"version-history":[{"count":4,"href":"https:\/\/arches-papers.com\/fr\/wp-json\/wp\/v2\/posts\/56108\/revisions"}],"predecessor-version":[{"id":56169,"href":"https:\/\/arches-papers.com\/fr\/wp-json\/wp\/v2\/posts\/56108\/revisions\/56169"}],"wp:featuredmedia":[{"embeddable":true,"href":"https:\/\/arches-papers.com\/fr\/wp-json\/wp\/v2\/media\/56112"}],"wp:attachment":[{"href":"https:\/\/arches-papers.com\/fr\/wp-json\/wp\/v2\/media?parent=56108"}],"wp:term":[{"taxonomy":"category","embeddable":true,"href":"https:\/\/arches-papers.com\/fr\/wp-json\/wp\/v2\/categories?post=56108"},{"taxonomy":"post_tag","embeddable":true,"href":"https:\/\/arches-papers.com\/fr\/wp-json\/wp\/v2\/tags?post=56108"}],"curies":[{"name":"wp","href":"https:\/\/api.w.org\/{rel}","templated":true}]}}