{"id":56219,"date":"2026-04-28T11:19:45","date_gmt":"2026-04-28T09:19:45","guid":{"rendered":"https:\/\/arches-papers.com\/?p=56219"},"modified":"2026-04-29T14:09:09","modified_gmt":"2026-04-29T12:09:09","slug":"artiview-by-arches-claude-carretta-itineraire-dun-aquarelliste-remois","status":"publish","type":"post","link":"https:\/\/arches-papers.com\/fr\/artiview-by-arches-claude-carretta-itineraire-dun-aquarelliste-remois\/","title":{"rendered":"ARTIVIEW by ARCHES\u00ae Claude Carretta, itin\u00e9raire d\u2019un aquarelliste r\u00e9mois"},"content":{"rendered":"<div class=\"wpb-content-wrapper\"><p>[vc_row][vc_column width=&#8221;2\/3&#8243;][vc_single_image image=&#8221;56279&#8243; img_size=&#8221;full&#8221; css=&#8221;&#8221;][vc_empty_space][\/vc_column][vc_column width=&#8221;1\/3&#8243;][\/vc_column][\/vc_row][vc_row][vc_column][vc_column_text css=&#8221;&#8221;]<\/p>\n<h3>Pr\u00e9sentez-vous bri\u00e8vement<\/h3>\n<p>Je m\u2019appelle Claude Carretta, je peins \u00e0 l\u2019aquarelle depuis 35 ans \u00e0 peu pr\u00e8s, depuis mon arriv\u00e9e \u00e0 Reims. J\u2019ai fait une tr\u00e8s belle rencontre avec un artiste belge, Roland Palmaerts, qui vient \u00e0 Reims 3 fois par an. C\u2019est un passeur, dans tous les sens du terme. Il a fait honneur \u00e0 ARCHES\u00ae il y a une dizaine d&#8217;ann\u00e9es maintenant, en r\u00e9alisant un record du monde de peinture sur papier ARCHES\u00ae Aquarelle. Il avait 60 ans et il a peint 60 m\u00e8tres de papier en 60 heures, c&#8217;est-\u00e0-dire jour et nuit. Et tout cela se passait sous l\u2019\u00e9gide du Moulin \u00e0 papier et de la mairie d\u2019Arches. Donc, le papier ARCHES\u00ae nous r\u00e9unit tous les deux, et je suis sous son influence.<\/p>\n<h3>Quelles techniques utilisez-vous ?<\/h3>\n<p>Je suis plut\u00f4t dans l\u2019improvisation. Disons que si une tache appara\u00eet, je fais avec plut\u00f4t que de penser imm\u00e9diatement que c\u2019est un d\u00e9sastre. Il s\u2019agit plut\u00f4t de se demander : qu\u2019est-ce que je peux faire avec cette tache ? Et finalement, peut-\u00eatre en tirer quelque chose d\u2019int\u00e9ressant et d\u2019impr\u00e9vu.<br \/>\nJe ne peins que sur papier \u00e0 l\u2019aquarelle. Parfois, j\u2019ajoute de l\u2019encre ou de l\u2019acrylique, mais la peinture \u00e0 l\u2019eau reste essentielle pour moi. Je privil\u00e9gie les techniques humides, pr\u00e9cis\u00e9ment parce qu\u2019elles laissent une part d\u2019impr\u00e9vu. Souvent, quand on est jeune aquarelliste, on veut tout ma\u00eetriser, comme \u00e0 l\u2019\u00e9cole o\u00f9 il ne fallait pas d\u00e9passer. Et il faut des ann\u00e9es pour admettre que l\u2019eau peut devenir une alli\u00e9e, \u00e0 condition de ne pas la contrarier. Car bien souvent, si elle \u201cfait des mis\u00e8res\u201d, c\u2019est parce qu\u2019on a voulu trop la contr\u00f4ler. C\u2019est ce que j\u2019appelle l\u2019exploitation des bonheurs et des mis\u00e8res. Des mis\u00e8res, il y en a beaucoup en aquarelle : la chaleur, la s\u00e9cheresse, notre \u00e9tat de forme, des couleurs qu\u2019on conna\u00eet mal\u2026 Mais tout cela peut aussi devenir mati\u00e8re \u00e0 cr\u00e9ation.[\/vc_column_text][vc_empty_space][vc_single_image image=&#8221;56223&#8243; img_size=&#8221;full&#8221; alignment=&#8221;center&#8221; css=&#8221;&#8221;][vc_column_text css=&#8221;&#8221;]<\/p>\n<p style=\"text-align: center;\"><span style=\"font-size: 14px;\"><em>\u00a9 Claude Carretta, A quai \u2013 Aquarelle sur <a href=\"https:\/\/arches-papers.com\/fr\/la-gamme-papiers-arches\/papiers-arches-pour-aquarelle-et-les-techniques-humides\/papier-arches-aquarelle\/\">papier ARCHES\u00ae Aquarelle grain fin 300 g\/m\u00b2<\/a><\/em><\/span><\/p>\n<p>[\/vc_column_text][vc_empty_space][vc_single_image image=&#8221;56251&#8243; img_size=&#8221;full&#8221; alignment=&#8221;center&#8221; css=&#8221;&#8221;][vc_column_text css=&#8221;&#8221;]<\/p>\n<p style=\"text-align: center;\"><span style=\"font-size: 14px;\"><em>\u00a9 Claude Carretta, Crescendo \u2013 Aquarelle sur <a href=\"https:\/\/arches-papers.com\/fr\/la-gamme-papiers-arches\/papiers-arches-pour-aquarelle-et-les-techniques-humides\/papier-arches-aquarelle\/\">papier ARCHES\u00ae Aquarelle grain fin 300 g\/m\u00b2<\/a><\/em><\/span><\/p>\n<p>[\/vc_column_text][vc_empty_space][vc_column_text css=&#8221;&#8221;]<\/p>\n<h3>Selon vous, quel est le plus grand artiste de tous les temps ? Pourquoi ?<\/h3>\n<p>C&#8217;est une bonne question. Pour ma part, ce sont les peintres flamands qui peignent \u00e0 l\u2019huile qui me touchent beaucoup par leur inspiration et par leur finesse. Ils r\u00e9alisent une peinture \u00e0 l\u2019huile fondue et encha\u00een\u00e9e, presque comme un univers aquatique. Je suis un peu influenc\u00e9 par leurs go\u00fbts, et par cette mani\u00e8re de fondre et d\u2019encha\u00eener les formes.<\/p>\n<h3>Quels sont les sujets qui vous inspirent ?<\/h3>\n<p>Une fois encore, Roland Palmaerts m\u2019influence. Ce sont souvent des paysages ou parfois des fleurs, mais le point commun c&#8217;est qu\u2019il n&#8217;y a pas vraiment de sujet en fait, mais plut\u00f4t une improvisation. Parfois une id\u00e9e change parce qu\u2019il y a des opportunit\u00e9s qui se pr\u00e9sentent. Il m\u2019est arriv\u00e9 de commencer un th\u00e8me et cela se termine autrement parce qu\u2019une opportunit\u00e9 s\u2019est pr\u00e9sent\u00e9e ; j&#8217;aime cette libert\u00e9.[\/vc_column_text][vc_empty_space][vc_single_image image=&#8221;56293&#8243; img_size=&#8221;full&#8221; alignment=&#8221;center&#8221; css=&#8221;&#8221;][vc_column_text css=&#8221;&#8221;]<\/p>\n<p style=\"text-align: center;\"><span style=\"font-size: 14px;\"><em>\u00a9 Claude Carretta, Sur le pont \u2013 Aquarelle sur papier ARCHES\u00ae Aquarelle grain fin 300 g\/m\u00b2<\/em><\/span><\/p>\n<p>[\/vc_column_text][vc_empty_space][vc_column_text css=&#8221;&#8221;]<\/p>\n<h3>Racontez-nous un moment d\u00e9cisif dans votre carri\u00e8re artistique<\/h3>\n<p>Je vais vous parler de deux moments d\u00e9cisifs. Le premier, c&#8217;est la rencontre avec Roland Palmaerts qu\u2019on appelle entre nous le \u00ab magicien du pinceau \u00bb, et ce n\u2019est pas usurp\u00e9 parce qu&#8217;il est vraiment tr\u00e8s bon. Une fois, je l&#8217;ai vu peindre un bouquet de fleurs, ce qui n\u2019est pas vraiment une th\u00e9matique habituelle pour lui. Et je l&#8217;ai vu changer une fleur de c\u00f4t\u00e9 comme lorsqu\u2019on arrange un vrai bouquet : il y avait une fleur \u00e0 gauche et elle est pass\u00e9e \u00e0 droite par le jeu des pinceaux. C&#8217;est magique et \u00e0 la fin c&#8217;\u00e9tait beau !<br \/>\nEt ma deuxi\u00e8me rencontre, beaucoup plus r\u00e9cente, c&#8217;est une artiste iranienne, Sahel Ardi, qui habite en ce moment en France et qui fait de de l&#8217;aquarelle abstraite. Elle a beaucoup de succ\u00e8s, en France surtout.<br \/>\nSur un coup de t\u00eate, j&#8217;ai d\u00e9cid\u00e9 de m&#8217;inscrire \u00e0 l\u2019un de ses stages, juste pour voir. Elle m&#8217;a conquis parce qu\u2019elle a une aquarelle tr\u00e8s lumineuse, tr\u00e8s color\u00e9e. Et elle m&#8217;a ouvert des portes, des horizons que Roland Palmaerts avait commenc\u00e9 \u00e0 aborder, mais de fa\u00e7on plus ponctuelle.[\/vc_column_text][vc_empty_space][vc_single_image image=&#8221;56265&#8243; img_size=&#8221;600&#215;780&#8243; alignment=&#8221;center&#8221; css=&#8221;&#8221;][vc_column_text css=&#8221;&#8221;]<\/p>\n<p style=\"text-align: center;\"><span style=\"font-size: 14px;\"><em>\u00a9 Claude Carretta, Eclats \u2013 Aquarelle sur papier ARCHES\u00ae Aquarelle grain fin 300 g\/m\u00b2<\/em><\/span><\/p>\n<p>[\/vc_column_text][vc_empty_space][vc_column_text css=&#8221;&#8221;]<\/p>\n<h3>Comment s\u2019est d\u00e9roul\u00e9 votre premier contact avec le papier ARCHES\u00ae ?<\/h3>\n<p>De m\u00e9moire, ce doit \u00eatre sous l&#8217;influence de Roland Palmaerts car il recommande le papier pur coton pour l\u2019aquarelle. Je me suis dit pourquoi pas ARCHES\u00ae puisque lui peint sur du papier ARCHES\u00ae.<\/p>\n<h3>Le papier ARCHES\u00ae en un mot<\/h3>\n<p>Il y en a deux : un ami et un complice, un vrai complice.<\/p>\n<h3>Avez-vous d\u2019autres projets en cours ou \u00e0 venir ?<\/h3>\n<p>Pour l\u2019instant, je n\u2019ai pas de projets pr\u00e9cis en cours. Je r\u00e9ponds principalement aux invitations que je re\u00e7ois, et il m\u2019arrive de plus en plus souvent d\u2019\u00eatre invit\u00e9 \u00e0 revenir dans des lieux o\u00f9 je me suis d\u00e9j\u00e0 rendu, ou bien \u00e0 d\u00e9couvrir de nouveaux endroits. Je n\u2019en suis pas encore tout \u00e0 fait \u00e0 devoir refuser des propositions, mais la question commence \u00e0 se poser, car les d\u00e9placements ne sont pas toujours simples \u00e0 organiser.[\/vc_column_text][vc_empty_space][vc_column_text css=&#8221;&#8221;]<\/p>\n<p style=\"font-weight: 400;\"><a href=\"https:\/\/www.claude-carretta.fr\/\" target=\"_blank\" rel=\"noopener\"><em>Claude Carretta &#8211; aquarelliste<\/em><\/a><\/p>\n<p style=\"font-weight: 400;\"><a href=\"https:\/\/www.facebook.com\/AquarellisteCarretta\/\" target=\"_blank\" rel=\"noopener\"><em>Claude Carretta Aquarelliste | Facebook<\/em><\/a><\/p>\n<p>[\/vc_column_text][vc_empty_space][\/vc_column][\/vc_row]<\/p>\n<\/div>","protected":false},"excerpt":{"rendered":"I\u2019ve been painting in watercolour for around 35 years, ever since I moved to Reims. I had the privilege of meeting the Belgian artist Roland Palmaerts, who comes to Reims three times a year. He\u2019s someone who naturally passes on his knowledge and passion to others. ","protected":false},"author":18,"featured_media":56237,"comment_status":"closed","ping_status":"closed","sticky":false,"template":"","format":"standard","meta":{"footnotes":""},"categories":[5,461],"tags":[],"class_list":["post-56219","post","type-post","status-publish","format-standard","has-post-thumbnail","hentry","category-actus","category-non-classifiee-fr"],"yoast_head":"<!-- This site is optimized with the Yoast SEO plugin v27.1.1 - https:\/\/yoast.com\/product\/yoast-seo-wordpress\/ -->\n<title>Claude Carretta, aquarelliste r\u00e9mois -ARTIVIEW by ARCHES\u00ae<\/title>\n<meta name=\"description\" content=\"Claude Carretta est un peintre fran\u00e7ais qui pratique la peinture \u00e0 l&#039;aquarelle depuis environ 35 ans, date de son arriv\u00e9e \u00e0 Reims.\" \/>\n<meta name=\"robots\" content=\"index, follow, max-snippet:-1, max-image-preview:large, max-video-preview:-1\" \/>\n<link rel=\"canonical\" href=\"https:\/\/arches-papers.com\/fr\/artiview-by-arches-claude-carretta-itineraire-dun-aquarelliste-remois\/\" \/>\n<meta property=\"og:locale\" content=\"fr_FR\" \/>\n<meta property=\"og:type\" content=\"article\" \/>\n<meta property=\"og:title\" content=\"Claude Carretta, aquarelliste r\u00e9mois -ARTIVIEW by ARCHES\u00ae\" \/>\n<meta property=\"og:description\" content=\"Claude Carretta est un peintre fran\u00e7ais qui pratique la peinture \u00e0 l&#039;aquarelle depuis environ 35 ans, date de son arriv\u00e9e \u00e0 Reims.\" \/>\n<meta property=\"og:url\" content=\"https:\/\/arches-papers.com\/fr\/artiview-by-arches-claude-carretta-itineraire-dun-aquarelliste-remois\/\" \/>\n<meta property=\"og:site_name\" content=\"Arches Papers\" \/>\n<meta property=\"article:published_time\" content=\"2026-04-28T09:19:45+00:00\" \/>\n<meta property=\"article:modified_time\" content=\"2026-04-29T12:09:09+00:00\" \/>\n<meta property=\"og:image\" content=\"https:\/\/arches-papers.com\/wp-content\/uploads\/2026\/04\/bandeau-Douce-France_30x39.jpg\" \/>\n\t<meta property=\"og:image:width\" content=\"1344\" \/>\n\t<meta property=\"og:image:height\" content=\"1068\" \/>\n\t<meta property=\"og:image:type\" content=\"image\/jpeg\" \/>\n<meta name=\"author\" content=\"Nicolas C\" \/>\n<meta name=\"twitter:card\" content=\"summary_large_image\" \/>\n<meta name=\"twitter:label1\" content=\"\u00c9crit par\" \/>\n\t<meta name=\"twitter:data1\" content=\"Nicolas C\" \/>\n\t<meta name=\"twitter:label2\" content=\"Dur\u00e9e de lecture estim\u00e9e\" \/>\n\t<meta name=\"twitter:data2\" content=\"6 minutes\" \/>\n<script type=\"application\/ld+json\" class=\"yoast-schema-graph\">{\"@context\":\"https:\/\/schema.org\",\"@graph\":[{\"@type\":\"Article\",\"@id\":\"https:\/\/arches-papers.com\/fr\/artiview-by-arches-claude-carretta-itineraire-dun-aquarelliste-remois\/#article\",\"isPartOf\":{\"@id\":\"https:\/\/arches-papers.com\/fr\/artiview-by-arches-claude-carretta-itineraire-dun-aquarelliste-remois\/\"},\"author\":{\"name\":\"Nicolas C\",\"@id\":\"https:\/\/arches-papers.com\/fr\/#\/schema\/person\/2a888d9d97b35de19f649e99dd8716fd\"},\"headline\":\"ARTIVIEW by ARCHES\u00ae Claude Carretta, itin\u00e9raire d\u2019un aquarelliste r\u00e9mois\",\"datePublished\":\"2026-04-28T09:19:45+00:00\",\"dateModified\":\"2026-04-29T12:09:09+00:00\",\"mainEntityOfPage\":{\"@id\":\"https:\/\/arches-papers.com\/fr\/artiview-by-arches-claude-carretta-itineraire-dun-aquarelliste-remois\/\"},\"wordCount\":1131,\"image\":{\"@id\":\"https:\/\/arches-papers.com\/fr\/artiview-by-arches-claude-carretta-itineraire-dun-aquarelliste-remois\/#primaryimage\"},\"thumbnailUrl\":\"https:\/\/arches-papers.com\/wp-content\/uploads\/2026\/04\/bandeau-Douce-France_30x39.jpg\",\"articleSection\":[\"actus\",\"Non classifi\u00e9(e)\"],\"inLanguage\":\"fr-FR\"},{\"@type\":\"WebPage\",\"@id\":\"https:\/\/arches-papers.com\/fr\/artiview-by-arches-claude-carretta-itineraire-dun-aquarelliste-remois\/\",\"url\":\"https:\/\/arches-papers.com\/fr\/artiview-by-arches-claude-carretta-itineraire-dun-aquarelliste-remois\/\",\"name\":\"Claude Carretta, aquarelliste r\u00e9mois -ARTIVIEW by ARCHES\u00ae\",\"isPartOf\":{\"@id\":\"https:\/\/arches-papers.com\/fr\/#website\"},\"primaryImageOfPage\":{\"@id\":\"https:\/\/arches-papers.com\/fr\/artiview-by-arches-claude-carretta-itineraire-dun-aquarelliste-remois\/#primaryimage\"},\"image\":{\"@id\":\"https:\/\/arches-papers.com\/fr\/artiview-by-arches-claude-carretta-itineraire-dun-aquarelliste-remois\/#primaryimage\"},\"thumbnailUrl\":\"https:\/\/arches-papers.com\/wp-content\/uploads\/2026\/04\/bandeau-Douce-France_30x39.jpg\",\"datePublished\":\"2026-04-28T09:19:45+00:00\",\"dateModified\":\"2026-04-29T12:09:09+00:00\",\"author\":{\"@id\":\"https:\/\/arches-papers.com\/fr\/#\/schema\/person\/2a888d9d97b35de19f649e99dd8716fd\"},\"description\":\"Claude Carretta est un peintre fran\u00e7ais qui pratique la peinture \u00e0 l'aquarelle depuis environ 35 ans, date de son arriv\u00e9e \u00e0 Reims.\",\"breadcrumb\":{\"@id\":\"https:\/\/arches-papers.com\/fr\/artiview-by-arches-claude-carretta-itineraire-dun-aquarelliste-remois\/#breadcrumb\"},\"inLanguage\":\"fr-FR\",\"potentialAction\":[{\"@type\":\"ReadAction\",\"target\":[\"https:\/\/arches-papers.com\/fr\/artiview-by-arches-claude-carretta-itineraire-dun-aquarelliste-remois\/\"]}]},{\"@type\":\"ImageObject\",\"inLanguage\":\"fr-FR\",\"@id\":\"https:\/\/arches-papers.com\/fr\/artiview-by-arches-claude-carretta-itineraire-dun-aquarelliste-remois\/#primaryimage\",\"url\":\"https:\/\/arches-papers.com\/wp-content\/uploads\/2026\/04\/bandeau-Douce-France_30x39.jpg\",\"contentUrl\":\"https:\/\/arches-papers.com\/wp-content\/uploads\/2026\/04\/bandeau-Douce-France_30x39.jpg\",\"width\":1344,\"height\":1068,\"caption\":\"Claude Carretta - ARCHES Aquarelle\"},{\"@type\":\"BreadcrumbList\",\"@id\":\"https:\/\/arches-papers.com\/fr\/artiview-by-arches-claude-carretta-itineraire-dun-aquarelliste-remois\/#breadcrumb\",\"itemListElement\":[{\"@type\":\"ListItem\",\"position\":1,\"name\":\"Accueil\",\"item\":\"https:\/\/arches-papers.com\/fr\/\"},{\"@type\":\"ListItem\",\"position\":2,\"name\":\"ARTIVIEW by ARCHES\u00ae Claude Carretta, itin\u00e9raire d\u2019un aquarelliste r\u00e9mois\"}]},{\"@type\":\"WebSite\",\"@id\":\"https:\/\/arches-papers.com\/fr\/#website\",\"url\":\"https:\/\/arches-papers.com\/fr\/\",\"name\":\"Arches Papers\",\"description\":\"Fabricant de papier\",\"potentialAction\":[{\"@type\":\"SearchAction\",\"target\":{\"@type\":\"EntryPoint\",\"urlTemplate\":\"https:\/\/arches-papers.com\/fr\/?s={search_term_string}\"},\"query-input\":{\"@type\":\"PropertyValueSpecification\",\"valueRequired\":true,\"valueName\":\"search_term_string\"}}],\"inLanguage\":\"fr-FR\"},{\"@type\":\"Person\",\"@id\":\"https:\/\/arches-papers.com\/fr\/#\/schema\/person\/2a888d9d97b35de19f649e99dd8716fd\",\"name\":\"Nicolas C\",\"image\":{\"@type\":\"ImageObject\",\"inLanguage\":\"fr-FR\",\"@id\":\"https:\/\/arches-papers.com\/fr\/#\/schema\/person\/image\/\",\"url\":\"https:\/\/secure.gravatar.com\/avatar\/32b8ee9d4ceac83e6cfc8e4c5da7abf4a3d553074d8b9a056d2f9479e9cc0b90?s=96&d=mm&r=g\",\"contentUrl\":\"https:\/\/secure.gravatar.com\/avatar\/32b8ee9d4ceac83e6cfc8e4c5da7abf4a3d553074d8b9a056d2f9479e9cc0b90?s=96&d=mm&r=g\",\"caption\":\"Nicolas C\"},\"url\":\"https:\/\/arches-papers.com\/fr\/author\/nicolasche-n\/\"}]}<\/script>\n<!-- \/ Yoast SEO plugin. -->","yoast_head_json":{"title":"Claude Carretta, aquarelliste r\u00e9mois -ARTIVIEW by ARCHES\u00ae","description":"Claude Carretta est un peintre fran\u00e7ais qui pratique la peinture \u00e0 l'aquarelle depuis environ 35 ans, date de son arriv\u00e9e \u00e0 Reims.","robots":{"index":"index","follow":"follow","max-snippet":"max-snippet:-1","max-image-preview":"max-image-preview:large","max-video-preview":"max-video-preview:-1"},"canonical":"https:\/\/arches-papers.com\/fr\/artiview-by-arches-claude-carretta-itineraire-dun-aquarelliste-remois\/","og_locale":"fr_FR","og_type":"article","og_title":"Claude Carretta, aquarelliste r\u00e9mois -ARTIVIEW by ARCHES\u00ae","og_description":"Claude Carretta est un peintre fran\u00e7ais qui pratique la peinture \u00e0 l'aquarelle depuis environ 35 ans, date de son arriv\u00e9e \u00e0 Reims.","og_url":"https:\/\/arches-papers.com\/fr\/artiview-by-arches-claude-carretta-itineraire-dun-aquarelliste-remois\/","og_site_name":"Arches Papers","article_published_time":"2026-04-28T09:19:45+00:00","article_modified_time":"2026-04-29T12:09:09+00:00","og_image":[{"width":1344,"height":1068,"url":"https:\/\/arches-papers.com\/wp-content\/uploads\/2026\/04\/bandeau-Douce-France_30x39.jpg","type":"image\/jpeg"}],"author":"Nicolas C","twitter_card":"summary_large_image","twitter_misc":{"\u00c9crit par":"Nicolas C","Dur\u00e9e de lecture estim\u00e9e":"6 minutes"},"schema":{"@context":"https:\/\/schema.org","@graph":[{"@type":"Article","@id":"https:\/\/arches-papers.com\/fr\/artiview-by-arches-claude-carretta-itineraire-dun-aquarelliste-remois\/#article","isPartOf":{"@id":"https:\/\/arches-papers.com\/fr\/artiview-by-arches-claude-carretta-itineraire-dun-aquarelliste-remois\/"},"author":{"name":"Nicolas C","@id":"https:\/\/arches-papers.com\/fr\/#\/schema\/person\/2a888d9d97b35de19f649e99dd8716fd"},"headline":"ARTIVIEW by ARCHES\u00ae Claude Carretta, itin\u00e9raire d\u2019un aquarelliste r\u00e9mois","datePublished":"2026-04-28T09:19:45+00:00","dateModified":"2026-04-29T12:09:09+00:00","mainEntityOfPage":{"@id":"https:\/\/arches-papers.com\/fr\/artiview-by-arches-claude-carretta-itineraire-dun-aquarelliste-remois\/"},"wordCount":1131,"image":{"@id":"https:\/\/arches-papers.com\/fr\/artiview-by-arches-claude-carretta-itineraire-dun-aquarelliste-remois\/#primaryimage"},"thumbnailUrl":"https:\/\/arches-papers.com\/wp-content\/uploads\/2026\/04\/bandeau-Douce-France_30x39.jpg","articleSection":["actus","Non classifi\u00e9(e)"],"inLanguage":"fr-FR"},{"@type":"WebPage","@id":"https:\/\/arches-papers.com\/fr\/artiview-by-arches-claude-carretta-itineraire-dun-aquarelliste-remois\/","url":"https:\/\/arches-papers.com\/fr\/artiview-by-arches-claude-carretta-itineraire-dun-aquarelliste-remois\/","name":"Claude Carretta, aquarelliste r\u00e9mois -ARTIVIEW by ARCHES\u00ae","isPartOf":{"@id":"https:\/\/arches-papers.com\/fr\/#website"},"primaryImageOfPage":{"@id":"https:\/\/arches-papers.com\/fr\/artiview-by-arches-claude-carretta-itineraire-dun-aquarelliste-remois\/#primaryimage"},"image":{"@id":"https:\/\/arches-papers.com\/fr\/artiview-by-arches-claude-carretta-itineraire-dun-aquarelliste-remois\/#primaryimage"},"thumbnailUrl":"https:\/\/arches-papers.com\/wp-content\/uploads\/2026\/04\/bandeau-Douce-France_30x39.jpg","datePublished":"2026-04-28T09:19:45+00:00","dateModified":"2026-04-29T12:09:09+00:00","author":{"@id":"https:\/\/arches-papers.com\/fr\/#\/schema\/person\/2a888d9d97b35de19f649e99dd8716fd"},"description":"Claude Carretta est un peintre fran\u00e7ais qui pratique la peinture \u00e0 l'aquarelle depuis environ 35 ans, date de son arriv\u00e9e \u00e0 Reims.","breadcrumb":{"@id":"https:\/\/arches-papers.com\/fr\/artiview-by-arches-claude-carretta-itineraire-dun-aquarelliste-remois\/#breadcrumb"},"inLanguage":"fr-FR","potentialAction":[{"@type":"ReadAction","target":["https:\/\/arches-papers.com\/fr\/artiview-by-arches-claude-carretta-itineraire-dun-aquarelliste-remois\/"]}]},{"@type":"ImageObject","inLanguage":"fr-FR","@id":"https:\/\/arches-papers.com\/fr\/artiview-by-arches-claude-carretta-itineraire-dun-aquarelliste-remois\/#primaryimage","url":"https:\/\/arches-papers.com\/wp-content\/uploads\/2026\/04\/bandeau-Douce-France_30x39.jpg","contentUrl":"https:\/\/arches-papers.com\/wp-content\/uploads\/2026\/04\/bandeau-Douce-France_30x39.jpg","width":1344,"height":1068,"caption":"Claude Carretta - ARCHES Aquarelle"},{"@type":"BreadcrumbList","@id":"https:\/\/arches-papers.com\/fr\/artiview-by-arches-claude-carretta-itineraire-dun-aquarelliste-remois\/#breadcrumb","itemListElement":[{"@type":"ListItem","position":1,"name":"Accueil","item":"https:\/\/arches-papers.com\/fr\/"},{"@type":"ListItem","position":2,"name":"ARTIVIEW by ARCHES\u00ae Claude Carretta, itin\u00e9raire d\u2019un aquarelliste r\u00e9mois"}]},{"@type":"WebSite","@id":"https:\/\/arches-papers.com\/fr\/#website","url":"https:\/\/arches-papers.com\/fr\/","name":"Arches Papers","description":"Fabricant de papier","potentialAction":[{"@type":"SearchAction","target":{"@type":"EntryPoint","urlTemplate":"https:\/\/arches-papers.com\/fr\/?s={search_term_string}"},"query-input":{"@type":"PropertyValueSpecification","valueRequired":true,"valueName":"search_term_string"}}],"inLanguage":"fr-FR"},{"@type":"Person","@id":"https:\/\/arches-papers.com\/fr\/#\/schema\/person\/2a888d9d97b35de19f649e99dd8716fd","name":"Nicolas C","image":{"@type":"ImageObject","inLanguage":"fr-FR","@id":"https:\/\/arches-papers.com\/fr\/#\/schema\/person\/image\/","url":"https:\/\/secure.gravatar.com\/avatar\/32b8ee9d4ceac83e6cfc8e4c5da7abf4a3d553074d8b9a056d2f9479e9cc0b90?s=96&d=mm&r=g","contentUrl":"https:\/\/secure.gravatar.com\/avatar\/32b8ee9d4ceac83e6cfc8e4c5da7abf4a3d553074d8b9a056d2f9479e9cc0b90?s=96&d=mm&r=g","caption":"Nicolas C"},"url":"https:\/\/arches-papers.com\/fr\/author\/nicolasche-n\/"}]}},"_links":{"self":[{"href":"https:\/\/arches-papers.com\/fr\/wp-json\/wp\/v2\/posts\/56219","targetHints":{"allow":["GET"]}}],"collection":[{"href":"https:\/\/arches-papers.com\/fr\/wp-json\/wp\/v2\/posts"}],"about":[{"href":"https:\/\/arches-papers.com\/fr\/wp-json\/wp\/v2\/types\/post"}],"author":[{"embeddable":true,"href":"https:\/\/arches-papers.com\/fr\/wp-json\/wp\/v2\/users\/18"}],"replies":[{"embeddable":true,"href":"https:\/\/arches-papers.com\/fr\/wp-json\/wp\/v2\/comments?post=56219"}],"version-history":[{"count":6,"href":"https:\/\/arches-papers.com\/fr\/wp-json\/wp\/v2\/posts\/56219\/revisions"}],"predecessor-version":[{"id":56314,"href":"https:\/\/arches-papers.com\/fr\/wp-json\/wp\/v2\/posts\/56219\/revisions\/56314"}],"wp:featuredmedia":[{"embeddable":true,"href":"https:\/\/arches-papers.com\/fr\/wp-json\/wp\/v2\/media\/56237"}],"wp:attachment":[{"href":"https:\/\/arches-papers.com\/fr\/wp-json\/wp\/v2\/media?parent=56219"}],"wp:term":[{"taxonomy":"category","embeddable":true,"href":"https:\/\/arches-papers.com\/fr\/wp-json\/wp\/v2\/categories?post=56219"},{"taxonomy":"post_tag","embeddable":true,"href":"https:\/\/arches-papers.com\/fr\/wp-json\/wp\/v2\/tags?post=56219"}],"curies":[{"name":"wp","href":"https:\/\/api.w.org\/{rel}","templated":true}]}}