{"id":44133,"date":"2024-01-15T09:13:08","date_gmt":"2024-01-15T08:13:08","guid":{"rendered":"https:\/\/arches-papers.com\/?p=44133"},"modified":"2024-01-15T09:13:08","modified_gmt":"2024-01-15T08:13:08","slug":"dominique-lauge-photography-exhibition-in-gaillac","status":"publish","type":"post","link":"https:\/\/arches-papers.com\/it\/dominique-lauge-photography-exhibition-in-gaillac\/","title":{"rendered":"Dominique Laug\u00e9 photography exhibition in Gaillac"},"content":{"rendered":"<div class=\"wpb-content-wrapper\"><p>[vc_row][vc_column][vc_column_text]<strong>An exhibition of photos by Dominique Laug\u00e9 entitled La lumi\u00e8re du sombre runs from 14 to 28 January 2024 at the Centre pour la Photographie at the Ch\u00e2teau de l\u2019Hom de Gaillac, France.<\/strong><\/p>\n<p>For several years Dominique Laug\u00e9 has been working on photographing nature scenes at dawn and dusk.<br \/>\nThe photographs are taken in low light, which shows up certain parts of the natural elements in the scenes which would normally remain invisible in daylight. These light conditions stimulate the viewer&#8217;s imagination and allow them to project into the mysteries of nature.<\/p>\n<p>The exhibition consists of about thirty photos printed using the Piezography\u00ae process and in colour on <a href=\"https:\/\/arches-papers.comarches-range-of-papers\/watercolor-and-wet-techniques\/arches-aquarelle\/\" target=\"_blank\" rel=\"noopener noreferrer\">ARCHES\u00ae Aquarelle<\/a>\u00a0640 gsm and <a href=\"https:\/\/arches-papers.comarches-range-of-papers\/art-publishing\/velin-bfk-rives\/\" target=\"_blank\" rel=\"noopener noreferrer\">Velin BFK Rives<\/a>\u00ae 300 gsm papers in sizes 56 x 76 cm and 80 x 120 cm.[\/vc_column_text][vc_empty_space][vc_single_image image=&#8221;44135&#8243; img_size=&#8221;full&#8221; alignment=&#8221;center&#8221;][vc_column_text]<\/p>\n<p style=\"text-align: center;\"><span style=\"font-size: 14px;\"><em>\u00a9 Dominique Laug\u00e9 \u2013 Photo printed on ARCHES\u00ae Aquarelle 640 gsm hot pressed paper<\/em><\/span><\/p>\n<p>[\/vc_column_text][vc_empty_space][vc_single_image image=&#8221;44142&#8243; img_size=&#8221;full&#8221; alignment=&#8221;center&#8221;][vc_column_text]<\/p>\n<p style=\"text-align: center;\"><span style=\"font-size: 14px;\"><em>\u00a9 Dominique Laug\u00e9 \u2013 Photo printed on ARCHES\u00ae Aquarelle 640 gsm hot pressed paper<\/em><\/span><\/p>\n<p>[\/vc_column_text][vc_empty_space][vc_column_text]<strong>What is Piezography\u00ae?<\/strong><br \/>\nPiezography\u00ae is a digital printing process using carbon pigments invented by Jon Cone in the 1990s. The coloured inks in the printer are replaced by shades of grey and a deep black. Printer drivers are also modified to achieve optimum printing of black and white photos.<\/p>\n<p>Thanks to this system, black and white images can be printed on all types of paper, and the results are particularly remarkable on ARCHES\u00ae traditional uncoated papers such as <a href=\"https:\/\/arches-papers.comarches-range-of-papers\/art-publishing\/velin-bfk-rives\/\" target=\"_blank\" rel=\"noopener noreferrer\">Velin BFK Rives\u00ae<\/a>, <a href=\"https:\/\/arches-papers.comarches-range-of-papers\/art-publishing\/moulin-du-gue\/\" target=\"_blank\" rel=\"noopener noreferrer\">Moulin du Gu\u00e9\u00ae<\/a>, <a href=\"https:\/\/arches-papers.comarches-range-of-papers\/art-publishing\/arches-88\/\" target=\"_blank\" rel=\"noopener noreferrer\">ARCHES\u00ae 88<\/a> and <a href=\"https:\/\/arches-papers.comarches-range-of-papers\/watercolor-and-wet-techniques\/arches-aquarelle\/\" target=\"_blank\" rel=\"noopener noreferrer\">ARCHES\u00ae Aquarelle<\/a>, including on the heaviest grade, 640 gsm.[\/vc_column_text][vc_empty_space][vc_single_image image=&#8221;44149&#8243; img_size=&#8221;full&#8221; alignment=&#8221;center&#8221;][vc_column_text]<\/p>\n<p style=\"text-align: center;\"><span style=\"font-size: 14px;\"><em>\u00a9 Dominique Laug\u00e9 \u2013 Photo printed on ARCHES\u00ae Aquarelle 640 gsm hot pressed paper<\/em><\/span><\/p>\n<p>[\/vc_column_text][vc_empty_space][vc_column_text]<a href=\"http:\/\/www.centrephoto-gaillac.com\/La-lumiere-du-sombre\" target=\"_blank\" rel=\"noopener noreferrer\">http:\/\/www.centrephoto-gaillac.com\/La-lumiere-du-sombre<\/a>[\/vc_column_text][\/vc_column][\/vc_row]<\/p>\n<\/div>","protected":false},"excerpt":{"rendered":"An exhibition of photos by Dominique Laug\u00e9 entitled La lumi\u00e8re du sombre runs from 14 to 28 January 2024 at the Centre pour la Photographie at the Ch\u00e2teau de l\u2019Hom de Gaillac, France. ","protected":false},"author":18,"featured_media":44171,"comment_status":"closed","ping_status":"closed","sticky":false,"template":"","format":"standard","meta":{"footnotes":""},"categories":[8],"tags":[],"class_list":["post-44133","post","type-post","status-publish","format-standard","has-post-thumbnail","hentry","category-uncategorized"],"yoast_head":"<!-- This site is optimized with the Yoast SEO plugin v27.1.1 - https:\/\/yoast.com\/product\/yoast-seo-wordpress\/ -->\n<title>Dominique Laug\u00e9 photography exhibition in Gaillac - Arches Papers<\/title>\n<meta name=\"description\" content=\"An exhibition of photos by Dominique Laug\u00e9 entitled La lumi\u00e8re du sombre runs from 14 to 28 January 2024 at the Centre pour la Photographie de Gaillac.\" \/>\n<meta name=\"robots\" content=\"index, follow, max-snippet:-1, max-image-preview:large, max-video-preview:-1\" \/>\n<link rel=\"canonical\" href=\"https:\/\/arches-papers.com\/it\/dominique-lauge-photography-exhibition-in-gaillac\/\" \/>\n<meta property=\"og:locale\" content=\"it_IT\" \/>\n<meta property=\"og:type\" content=\"article\" \/>\n<meta property=\"og:title\" content=\"Dominique Laug\u00e9 photography exhibition in Gaillac - Arches Papers\" \/>\n<meta property=\"og:description\" content=\"An exhibition of photos by Dominique Laug\u00e9 entitled La lumi\u00e8re du sombre runs from 14 to 28 January 2024 at the Centre pour la Photographie de Gaillac.\" \/>\n<meta property=\"og:url\" content=\"https:\/\/arches-papers.com\/it\/dominique-lauge-photography-exhibition-in-gaillac\/\" \/>\n<meta property=\"og:site_name\" content=\"Arches Papers\" \/>\n<meta property=\"article:published_time\" content=\"2024-01-15T08:13:08+00:00\" \/>\n<meta property=\"og:image\" content=\"https:\/\/arches-papers.com\/wp-content\/uploads\/2024\/01\/bandeau-dominique-laug\u00e9.jpg\" \/>\n\t<meta property=\"og:image:width\" content=\"1200\" \/>\n\t<meta property=\"og:image:height\" content=\"800\" \/>\n\t<meta property=\"og:image:type\" content=\"image\/jpeg\" \/>\n<meta name=\"author\" content=\"Nicolas C\" \/>\n<meta name=\"twitter:card\" content=\"summary_large_image\" \/>\n<meta name=\"twitter:label1\" content=\"Scritto da\" \/>\n\t<meta name=\"twitter:data1\" content=\"Nicolas C\" \/>\n\t<meta name=\"twitter:label2\" content=\"Tempo di lettura stimato\" \/>\n\t<meta name=\"twitter:data2\" content=\"2 minuti\" \/>\n<script type=\"application\/ld+json\" class=\"yoast-schema-graph\">{\"@context\":\"https:\/\/schema.org\",\"@graph\":[{\"@type\":\"Article\",\"@id\":\"https:\/\/arches-papers.com\/it\/dominique-lauge-photography-exhibition-in-gaillac\/#article\",\"isPartOf\":{\"@id\":\"https:\/\/arches-papers.com\/it\/dominique-lauge-photography-exhibition-in-gaillac\/\"},\"author\":{\"name\":\"Nicolas C\",\"@id\":\"https:\/\/arches-papers.com\/it\/#\/schema\/person\/2a888d9d97b35de19f649e99dd8716fd\"},\"headline\":\"Dominique Laug\u00e9 photography exhibition in Gaillac\",\"datePublished\":\"2024-01-15T08:13:08+00:00\",\"mainEntityOfPage\":{\"@id\":\"https:\/\/arches-papers.com\/it\/dominique-lauge-photography-exhibition-in-gaillac\/\"},\"wordCount\":349,\"image\":{\"@id\":\"https:\/\/arches-papers.com\/it\/dominique-lauge-photography-exhibition-in-gaillac\/#primaryimage\"},\"thumbnailUrl\":\"https:\/\/arches-papers.com\/wp-content\/uploads\/2024\/01\/bandeau-dominique-laug\u00e9.jpg\",\"articleSection\":[\"Uncategorized\"],\"inLanguage\":\"it-IT\"},{\"@type\":\"WebPage\",\"@id\":\"https:\/\/arches-papers.com\/it\/dominique-lauge-photography-exhibition-in-gaillac\/\",\"url\":\"https:\/\/arches-papers.com\/it\/dominique-lauge-photography-exhibition-in-gaillac\/\",\"name\":\"Dominique Laug\u00e9 photography exhibition in Gaillac - Arches Papers\",\"isPartOf\":{\"@id\":\"https:\/\/arches-papers.com\/it\/#website\"},\"primaryImageOfPage\":{\"@id\":\"https:\/\/arches-papers.com\/it\/dominique-lauge-photography-exhibition-in-gaillac\/#primaryimage\"},\"image\":{\"@id\":\"https:\/\/arches-papers.com\/it\/dominique-lauge-photography-exhibition-in-gaillac\/#primaryimage\"},\"thumbnailUrl\":\"https:\/\/arches-papers.com\/wp-content\/uploads\/2024\/01\/bandeau-dominique-laug\u00e9.jpg\",\"datePublished\":\"2024-01-15T08:13:08+00:00\",\"author\":{\"@id\":\"https:\/\/arches-papers.com\/it\/#\/schema\/person\/2a888d9d97b35de19f649e99dd8716fd\"},\"description\":\"An exhibition of photos by Dominique Laug\u00e9 entitled La lumi\u00e8re du sombre runs from 14 to 28 January 2024 at the Centre pour la Photographie de Gaillac.\",\"breadcrumb\":{\"@id\":\"https:\/\/arches-papers.com\/it\/dominique-lauge-photography-exhibition-in-gaillac\/#breadcrumb\"},\"inLanguage\":\"it-IT\",\"potentialAction\":[{\"@type\":\"ReadAction\",\"target\":[\"https:\/\/arches-papers.com\/it\/dominique-lauge-photography-exhibition-in-gaillac\/\"]}]},{\"@type\":\"ImageObject\",\"inLanguage\":\"it-IT\",\"@id\":\"https:\/\/arches-papers.com\/it\/dominique-lauge-photography-exhibition-in-gaillac\/#primaryimage\",\"url\":\"https:\/\/arches-papers.com\/wp-content\/uploads\/2024\/01\/bandeau-dominique-laug\u00e9.jpg\",\"contentUrl\":\"https:\/\/arches-papers.com\/wp-content\/uploads\/2024\/01\/bandeau-dominique-laug\u00e9.jpg\",\"width\":1200,\"height\":800,\"caption\":\"Dominique Laug\u00e9 photography\"},{\"@type\":\"BreadcrumbList\",\"@id\":\"https:\/\/arches-papers.com\/it\/dominique-lauge-photography-exhibition-in-gaillac\/#breadcrumb\",\"itemListElement\":[{\"@type\":\"ListItem\",\"position\":1,\"name\":\"Accueil\",\"item\":\"https:\/\/arches-papers.com\/it\/\"},{\"@type\":\"ListItem\",\"position\":2,\"name\":\"Dominique Laug\u00e9 photography exhibition in Gaillac\"}]},{\"@type\":\"WebSite\",\"@id\":\"https:\/\/arches-papers.com\/it\/#website\",\"url\":\"https:\/\/arches-papers.com\/it\/\",\"name\":\"Arches Papers\",\"description\":\"Fabricant de papier\",\"potentialAction\":[{\"@type\":\"SearchAction\",\"target\":{\"@type\":\"EntryPoint\",\"urlTemplate\":\"https:\/\/arches-papers.com\/it\/?s={search_term_string}\"},\"query-input\":{\"@type\":\"PropertyValueSpecification\",\"valueRequired\":true,\"valueName\":\"search_term_string\"}}],\"inLanguage\":\"it-IT\"},{\"@type\":\"Person\",\"@id\":\"https:\/\/arches-papers.com\/it\/#\/schema\/person\/2a888d9d97b35de19f649e99dd8716fd\",\"name\":\"Nicolas C\",\"image\":{\"@type\":\"ImageObject\",\"inLanguage\":\"it-IT\",\"@id\":\"https:\/\/arches-papers.com\/it\/#\/schema\/person\/image\/\",\"url\":\"https:\/\/secure.gravatar.com\/avatar\/32b8ee9d4ceac83e6cfc8e4c5da7abf4a3d553074d8b9a056d2f9479e9cc0b90?s=96&d=mm&r=g\",\"contentUrl\":\"https:\/\/secure.gravatar.com\/avatar\/32b8ee9d4ceac83e6cfc8e4c5da7abf4a3d553074d8b9a056d2f9479e9cc0b90?s=96&d=mm&r=g\",\"caption\":\"Nicolas C\"},\"url\":\"https:\/\/arches-papers.com\/it\/author\/nicolasche-n\/\"}]}<\/script>\n<!-- \/ Yoast SEO plugin. -->","yoast_head_json":{"title":"Dominique Laug\u00e9 photography exhibition in Gaillac - Arches Papers","description":"An exhibition of photos by Dominique Laug\u00e9 entitled La lumi\u00e8re du sombre runs from 14 to 28 January 2024 at the Centre pour la Photographie de Gaillac.","robots":{"index":"index","follow":"follow","max-snippet":"max-snippet:-1","max-image-preview":"max-image-preview:large","max-video-preview":"max-video-preview:-1"},"canonical":"https:\/\/arches-papers.com\/it\/dominique-lauge-photography-exhibition-in-gaillac\/","og_locale":"it_IT","og_type":"article","og_title":"Dominique Laug\u00e9 photography exhibition in Gaillac - Arches Papers","og_description":"An exhibition of photos by Dominique Laug\u00e9 entitled La lumi\u00e8re du sombre runs from 14 to 28 January 2024 at the Centre pour la Photographie de Gaillac.","og_url":"https:\/\/arches-papers.com\/it\/dominique-lauge-photography-exhibition-in-gaillac\/","og_site_name":"Arches Papers","article_published_time":"2024-01-15T08:13:08+00:00","og_image":[{"width":1200,"height":800,"url":"https:\/\/arches-papers.com\/wp-content\/uploads\/2024\/01\/bandeau-dominique-laug\u00e9.jpg","type":"image\/jpeg"}],"author":"Nicolas C","twitter_card":"summary_large_image","twitter_misc":{"Scritto da":"Nicolas C","Tempo di lettura stimato":"2 minuti"},"schema":{"@context":"https:\/\/schema.org","@graph":[{"@type":"Article","@id":"https:\/\/arches-papers.com\/it\/dominique-lauge-photography-exhibition-in-gaillac\/#article","isPartOf":{"@id":"https:\/\/arches-papers.com\/it\/dominique-lauge-photography-exhibition-in-gaillac\/"},"author":{"name":"Nicolas C","@id":"https:\/\/arches-papers.com\/it\/#\/schema\/person\/2a888d9d97b35de19f649e99dd8716fd"},"headline":"Dominique Laug\u00e9 photography exhibition in Gaillac","datePublished":"2024-01-15T08:13:08+00:00","mainEntityOfPage":{"@id":"https:\/\/arches-papers.com\/it\/dominique-lauge-photography-exhibition-in-gaillac\/"},"wordCount":349,"image":{"@id":"https:\/\/arches-papers.com\/it\/dominique-lauge-photography-exhibition-in-gaillac\/#primaryimage"},"thumbnailUrl":"https:\/\/arches-papers.com\/wp-content\/uploads\/2024\/01\/bandeau-dominique-laug\u00e9.jpg","articleSection":["Uncategorized"],"inLanguage":"it-IT"},{"@type":"WebPage","@id":"https:\/\/arches-papers.com\/it\/dominique-lauge-photography-exhibition-in-gaillac\/","url":"https:\/\/arches-papers.com\/it\/dominique-lauge-photography-exhibition-in-gaillac\/","name":"Dominique Laug\u00e9 photography exhibition in Gaillac - Arches Papers","isPartOf":{"@id":"https:\/\/arches-papers.com\/it\/#website"},"primaryImageOfPage":{"@id":"https:\/\/arches-papers.com\/it\/dominique-lauge-photography-exhibition-in-gaillac\/#primaryimage"},"image":{"@id":"https:\/\/arches-papers.com\/it\/dominique-lauge-photography-exhibition-in-gaillac\/#primaryimage"},"thumbnailUrl":"https:\/\/arches-papers.com\/wp-content\/uploads\/2024\/01\/bandeau-dominique-laug\u00e9.jpg","datePublished":"2024-01-15T08:13:08+00:00","author":{"@id":"https:\/\/arches-papers.com\/it\/#\/schema\/person\/2a888d9d97b35de19f649e99dd8716fd"},"description":"An exhibition of photos by Dominique Laug\u00e9 entitled La lumi\u00e8re du sombre runs from 14 to 28 January 2024 at the Centre pour la Photographie de Gaillac.","breadcrumb":{"@id":"https:\/\/arches-papers.com\/it\/dominique-lauge-photography-exhibition-in-gaillac\/#breadcrumb"},"inLanguage":"it-IT","potentialAction":[{"@type":"ReadAction","target":["https:\/\/arches-papers.com\/it\/dominique-lauge-photography-exhibition-in-gaillac\/"]}]},{"@type":"ImageObject","inLanguage":"it-IT","@id":"https:\/\/arches-papers.com\/it\/dominique-lauge-photography-exhibition-in-gaillac\/#primaryimage","url":"https:\/\/arches-papers.com\/wp-content\/uploads\/2024\/01\/bandeau-dominique-laug\u00e9.jpg","contentUrl":"https:\/\/arches-papers.com\/wp-content\/uploads\/2024\/01\/bandeau-dominique-laug\u00e9.jpg","width":1200,"height":800,"caption":"Dominique Laug\u00e9 photography"},{"@type":"BreadcrumbList","@id":"https:\/\/arches-papers.com\/it\/dominique-lauge-photography-exhibition-in-gaillac\/#breadcrumb","itemListElement":[{"@type":"ListItem","position":1,"name":"Accueil","item":"https:\/\/arches-papers.com\/it\/"},{"@type":"ListItem","position":2,"name":"Dominique Laug\u00e9 photography exhibition in Gaillac"}]},{"@type":"WebSite","@id":"https:\/\/arches-papers.com\/it\/#website","url":"https:\/\/arches-papers.com\/it\/","name":"Arches Papers","description":"Fabricant de papier","potentialAction":[{"@type":"SearchAction","target":{"@type":"EntryPoint","urlTemplate":"https:\/\/arches-papers.com\/it\/?s={search_term_string}"},"query-input":{"@type":"PropertyValueSpecification","valueRequired":true,"valueName":"search_term_string"}}],"inLanguage":"it-IT"},{"@type":"Person","@id":"https:\/\/arches-papers.com\/it\/#\/schema\/person\/2a888d9d97b35de19f649e99dd8716fd","name":"Nicolas C","image":{"@type":"ImageObject","inLanguage":"it-IT","@id":"https:\/\/arches-papers.com\/it\/#\/schema\/person\/image\/","url":"https:\/\/secure.gravatar.com\/avatar\/32b8ee9d4ceac83e6cfc8e4c5da7abf4a3d553074d8b9a056d2f9479e9cc0b90?s=96&d=mm&r=g","contentUrl":"https:\/\/secure.gravatar.com\/avatar\/32b8ee9d4ceac83e6cfc8e4c5da7abf4a3d553074d8b9a056d2f9479e9cc0b90?s=96&d=mm&r=g","caption":"Nicolas C"},"url":"https:\/\/arches-papers.com\/it\/author\/nicolasche-n\/"}]}},"_links":{"self":[{"href":"https:\/\/arches-papers.com\/it\/wp-json\/wp\/v2\/posts\/44133","targetHints":{"allow":["GET"]}}],"collection":[{"href":"https:\/\/arches-papers.com\/it\/wp-json\/wp\/v2\/posts"}],"about":[{"href":"https:\/\/arches-papers.com\/it\/wp-json\/wp\/v2\/types\/post"}],"author":[{"embeddable":true,"href":"https:\/\/arches-papers.com\/it\/wp-json\/wp\/v2\/users\/18"}],"replies":[{"embeddable":true,"href":"https:\/\/arches-papers.com\/it\/wp-json\/wp\/v2\/comments?post=44133"}],"version-history":[{"count":0,"href":"https:\/\/arches-papers.com\/it\/wp-json\/wp\/v2\/posts\/44133\/revisions"}],"wp:featuredmedia":[{"embeddable":true,"href":"https:\/\/arches-papers.com\/it\/wp-json\/wp\/v2\/media\/44171"}],"wp:attachment":[{"href":"https:\/\/arches-papers.com\/it\/wp-json\/wp\/v2\/media?parent=44133"}],"wp:term":[{"taxonomy":"category","embeddable":true,"href":"https:\/\/arches-papers.com\/it\/wp-json\/wp\/v2\/categories?post=44133"},{"taxonomy":"post_tag","embeddable":true,"href":"https:\/\/arches-papers.com\/it\/wp-json\/wp\/v2\/tags?post=44133"}],"curies":[{"name":"wp","href":"https:\/\/api.w.org\/{rel}","templated":true}]}}